{"id":255695,"date":"2025-11-27T18:30:54","date_gmt":"2025-11-27T17:30:54","guid":{"rendered":"http:\/\/www.messinaoggi.it\/website\/?p=255695"},"modified":"2025-11-27T18:36:12","modified_gmt":"2025-11-27T17:36:12","slug":"il-campo-largo-messinese-contro-il-sistema-de-luca","status":"publish","type":"post","link":"https:\/\/www.messinaoggi.it\/website\/2025\/11\/27\/il-campo-largo-messinese-contro-il-sistema-de-luca\/","title":{"rendered":"Il campo largo messinese si attiva contro il &#8220;sistema-De Luca&#8221;"},"content":{"rendered":"\n<p>Si sono riunite le forze politiche progressiste, riformiste e di sinistra, alternative al \u201csistema De Luca\u201d e al centrodestra, per avviare una interlocuzione a livello provinciale circa le prossime scadenze elettorali del 2026 nei comuni della provincia &#8211; Milazzo, Barcellona Pozzo di Gotto, Giardini Naxos, Naso, Basic\u00f2, Graniti, Limina, Malvagna, Mirto, Raccuja, San Salvatore di Fitalia, Savoca, Al\u00ec Terme &#8211; e nella citt\u00e0 capoluogo.<div id=\"div-gpt-ad-Messinaoggi.it-DSK-300x250-corpoart\" style=\"text-align:center;margin:0 auto;\"><\/div><\/p>\n\n\n\n<p>All\u2019incontro erano presenti: Partito Democratico, Movimento 5 Stelle, Sinistra Italiana, Europa Verde, Italia Viva, Rifondazione Comunista, Partito Socialista Italiano.<div id=\"videoincontent\" style=\"clear:both\";><\/div><\/p>\n\n\n\n<p>Le forze politiche hanno evidenziato come il tavolo provinciale sia il naturale proseguimento di un confronto continuo avuto in questi anni sulle principali criticit\u00e0 economiche e sociali del territorio: spopolamento crescente, assenza di infrastrutture adeguate, collasso dei servizi pubblici essenziali, in particolare acqua e sanit\u00e0, e una drammatica mancanza di opportunit\u00e0 per giovani, famiglie e imprese.<\/p>\n\n\n\n<p>A questi problemi si sommano emergenze ormai strutturali: impoverimento economico, la fragilit\u00e0 del territorio e l\u2019assenza di una seria politica di prevenzione, la crisi abitativa, una gestione opaca della cosa pubblica, la scarsa valorizzazione del patrimonio culturale e turistico, e un evidente impoverimento degli spazi di partecipazione democratica.<\/p>\n\n\n\n<p>\u00c8 il risultato di una stagione politica che ha anteposto propaganda, personalismi e scontri istituzionali alle reali esigenze del territorio.<\/p>\n\n\n\n<p>Non \u00e8 solo l\u2019opposizione al ponte sullo Stretto a unire queste forze, ma la volont\u00e0 di costruire una visione alternativa di sviluppo: legalit\u00e0 e trasparenza, non opacit\u00e0; progetti concreti, non annunci; cura del territorio, non opere inutili; servizi pubblici forti, non depotenziati; una politica che ascolta, non che impone.<\/p>\n\n\n\n<p>Prende corpo un percorso politico chiaro e condiviso, aperto al contributo di altri partiti, movimenti civici, associazioni e realt\u00e0 sociali che si riconoscono in questi temi e che chiedono con forza un radicale cambiamento nel governo del territorio, per costruire un&#8217;alternativa credibile, concreta e finalmente capace di governare per il bene comune.<\/p>\n","protected":false},"excerpt":{"rendered":"<p>Si sono riunite le forze politiche progressiste, riformiste e di sinistra, alternative al \u201csistema De Luca\u201d e al centrodestra, per avviare una interlocuzione a livello provinciale circa le prossime scadenze elettorali del 2026 nei comuni della provincia &#8211; Milazzo, Barcellona Pozzo di Gotto, Giardini Naxos, Naso, Basic\u00f2, Graniti, Limina, Malvagna, Mirto, Raccuja, San Salvatore di [&hellip;]<\/p>\n","protected":false},"author":2,"featured_media":3306,"comment_status":"open","ping_status":"open","sticky":false,"template":"","format":"standard","meta":{"ub_ctt_via":"","_mi_skip_tracking":false},"categories":[4],"tags":[11952,11953,11951,4042],"featured_image_src":"https:\/\/www.messinaoggi.it\/website\/wp-content\/uploads\/2017\/06\/Pd-bandiere-2.jpg","author_info":{"display_name":"Redazione","author_link":"https:\/\/www.messinaoggi.it\/website\/author\/redazione\/"},"digistream_id":0,"digistream":false,"_links":{"self":[{"href":"https:\/\/www.messinaoggi.it\/website\/wp-json\/wp\/v2\/posts\/255695"}],"collection":[{"href":"https:\/\/www.messinaoggi.it\/website\/wp-json\/wp\/v2\/posts"}],"about":[{"href":"https:\/\/www.messinaoggi.it\/website\/wp-json\/wp\/v2\/types\/post"}],"author":[{"embeddable":true,"href":"https:\/\/www.messinaoggi.it\/website\/wp-json\/wp\/v2\/users\/2"}],"replies":[{"embeddable":true,"href":"https:\/\/www.messinaoggi.it\/website\/wp-json\/wp\/v2\/comments?post=255695"}],"version-history":[{"count":2,"href":"https:\/\/www.messinaoggi.it\/website\/wp-json\/wp\/v2\/posts\/255695\/revisions"}],"predecessor-version":[{"id":255702,"href":"https:\/\/www.messinaoggi.it\/website\/wp-json\/wp\/v2\/posts\/255695\/revisions\/255702"}],"wp:featuredmedia":[{"embeddable":true,"href":"https:\/\/www.messinaoggi.it\/website\/wp-json\/wp\/v2\/media\/3306"}],"wp:attachment":[{"href":"https:\/\/www.messinaoggi.it\/website\/wp-json\/wp\/v2\/media?parent=255695"}],"wp:term":[{"taxonomy":"category","embeddable":true,"href":"https:\/\/www.messinaoggi.it\/website\/wp-json\/wp\/v2\/categories?post=255695"},{"taxonomy":"post_tag","embeddable":true,"href":"https:\/\/www.messinaoggi.it\/website\/wp-json\/wp\/v2\/tags?post=255695"}],"curies":[{"name":"wp","href":"https:\/\/api.w.org\/{rel}","templated":true}]}}