{"id":255685,"date":"2025-11-27T15:06:41","date_gmt":"2025-11-27T14:06:41","guid":{"rendered":"https:\/\/www.messinaoggi.it\/website\/2025\/11\/27\/luca-seeing-red-sognando-rosso-nei-cinema-italiani-il-docufilm-su-montezemolo\/"},"modified":"2025-11-27T15:06:41","modified_gmt":"2025-11-27T14:06:41","slug":"luca-seeing-red-sognando-rosso-nei-cinema-italiani-il-docufilm-su-montezemolo","status":"publish","type":"post","link":"https:\/\/www.messinaoggi.it\/website\/2025\/11\/27\/luca-seeing-red-sognando-rosso-nei-cinema-italiani-il-docufilm-su-montezemolo\/","title":{"rendered":"\u201cLuca Seeing Red \u2013 Sognando Rosso\u201d, nei cinema italiani il docufilm su Montezemolo"},"content":{"rendered":"<div>ROMA (ITALPRESS) &#8211; &#8220;Luca Seeing Red &#8211; Sognando Rosso&#8221; arriva nelle sale cinematografiche. Il docufilm sulla vita di Luca Cordero di Montezemolo sar\u00e0 proiettato in 45 cinema su tutto il territorio nazionale, l&#8217;1, il 2 e il 3 dicembre.<br \/>Un percorso che racconta le avventure di una vita passata tra successi sportivi, campionati del mondo vinti in Ferrari e sogni divenuti realt\u00e0, come quello di Italo: primo operatore ferroviario privato ad alta velocit\u00e0 che ha introdotto la concorrenza in Italia ed \u00e8 stato preso a modello in tutto il mondo. Diretto, prodotto e scritto dallo sceneggiatore Manish Pandey, e co-diretto da Christopher M.Armstrong. Nel film, Chris Harris, giornalista sportivo, viaggia per l&#8217;Italia con Montezemolo, nel racconto avvincente della sua vita.<br \/>&#8211; Foto ufficio stampa film &#8211;<br \/>(ITALPRESS).<\/div>\n<div id=\"div-gpt-ad-Messinaoggi.it-DSK-300x250-corpoart\" style=\"text-align:center;margin:0 auto;\"><\/div><\/p><div id=\"videoincontent\" style=\"clear:both\";><\/div>","protected":false},"excerpt":{"rendered":"<p>ROMA (ITALPRESS) &#8211; &#8220;Luca Seeing Red &#8211; Sognando Rosso&#8221; arriva nelle sale cinematografiche. Il docufilm sulla vita di Luca Cordero di Montezemolo sar\u00e0 proiettato in 45 cinema su tutto il territorio nazionale, l&#8217;1, il 2 e il 3 dicembre.Un percorso che racconta le avventure di una vita passata tra successi sportivi, campionati del mondo vinti [&hellip;]<\/p>\n","protected":false},"author":18,"featured_media":255686,"comment_status":"closed","ping_status":"closed","sticky":false,"template":"","format":"standard","meta":{"ub_ctt_via":"","_mi_skip_tracking":false},"categories":[446],"tags":[783],"featured_image_src":"https:\/\/www.messinaoggi.it\/website\/wp-content\/uploads\/2025\/11\/20251127_0812.jpg","author_info":{"display_name":"Admin","author_link":"https:\/\/www.messinaoggi.it\/website\/author\/admin\/"},"digistream_id":0,"digistream":false,"_links":{"self":[{"href":"https:\/\/www.messinaoggi.it\/website\/wp-json\/wp\/v2\/posts\/255685"}],"collection":[{"href":"https:\/\/www.messinaoggi.it\/website\/wp-json\/wp\/v2\/posts"}],"about":[{"href":"https:\/\/www.messinaoggi.it\/website\/wp-json\/wp\/v2\/types\/post"}],"author":[{"embeddable":true,"href":"https:\/\/www.messinaoggi.it\/website\/wp-json\/wp\/v2\/users\/18"}],"replies":[{"embeddable":true,"href":"https:\/\/www.messinaoggi.it\/website\/wp-json\/wp\/v2\/comments?post=255685"}],"version-history":[{"count":0,"href":"https:\/\/www.messinaoggi.it\/website\/wp-json\/wp\/v2\/posts\/255685\/revisions"}],"wp:featuredmedia":[{"embeddable":true,"href":"https:\/\/www.messinaoggi.it\/website\/wp-json\/wp\/v2\/media\/255686"}],"wp:attachment":[{"href":"https:\/\/www.messinaoggi.it\/website\/wp-json\/wp\/v2\/media?parent=255685"}],"wp:term":[{"taxonomy":"category","embeddable":true,"href":"https:\/\/www.messinaoggi.it\/website\/wp-json\/wp\/v2\/categories?post=255685"},{"taxonomy":"post_tag","embeddable":true,"href":"https:\/\/www.messinaoggi.it\/website\/wp-json\/wp\/v2\/tags?post=255685"}],"curies":[{"name":"wp","href":"https:\/\/api.w.org\/{rel}","templated":true}]}}