{"id":255615,"date":"2025-11-26T19:06:46","date_gmt":"2025-11-26T18:06:46","guid":{"rendered":"https:\/\/www.messinaoggi.it\/website\/2025\/11\/26\/italiano-e-il-momento-di-aggiungere-punti-anche-in-europa-league\/"},"modified":"2025-11-26T19:06:46","modified_gmt":"2025-11-26T18:06:46","slug":"italiano-e-il-momento-di-aggiungere-punti-anche-in-europa-league","status":"publish","type":"post","link":"https:\/\/www.messinaoggi.it\/website\/2025\/11\/26\/italiano-e-il-momento-di-aggiungere-punti-anche-in-europa-league\/","title":{"rendered":"Italiano \u201cE\u2019 il momento di aggiungere punti anche in Europa League\u201d"},"content":{"rendered":"<div>BOLOGNA (ITALPRESS) &#8211; Per andare avanti in<strong> Europa League serve un Bologna formato campionato.<\/strong> Se in serie A i rossobl\u00f9 volano alto, quarti assieme all<strong>&#8216;Inter,<\/strong> adesso serve cambiare passo anche fuori dai confini perch\u00e8 5 punti in 4 partite sono pochi per coltivare certe ambizioni. <strong>Ecco perch\u00e8 la sfida di domani al Dall&#8217;Ara contro il Salisburgo<\/strong> \u00e8 una di quelle da non sbagliare, perch\u00e8 &#8220;<em>siamo partiti un po&#8217; a rilento e potevamo sfruttare queste due partite in casa per fare molto di pi\u00f9 ma possiamo ancora aggiungere dei punti alla nostra classifica, a partire da domani, sfruttando l&#8217;entusiasmo, la consapevolezza e la spinta del pubblico<\/em> &#8211; il messaggio alla vigilia di <strong>Vincenzo Italiano<\/strong> &#8211;<em> Le partite in Europa sono tutte complicate, tutte difficili, loro giocano le coppe da 19 anni consecutivi, hanno una squadra giovane che va forte, sono veloci e sono primi in Austria. Hanno messo in difficolt\u00e0 chiunque, ci sar\u00e0 da battagliare ma cercheremo di farci trovare pronti. L&#8217;obiettivo \u00e8 entrare fra le 24 che supereranno il primo turno, non sappiamo quanti punti serviranno, ma quando abbiamo la spina attaccata in campionato riusciamo a ottenere quello che prepariamo e dobbiamo farlo anche in Europa League. Dobbiamo leggere bene tutte le situazioni, tutti i momenti della partita, servono attenzione e concentrazione al massimo&#8221;<\/em>.<div id=\"div-gpt-ad-Messinaoggi.it-DSK-300x250-corpoart\" style=\"text-align:center;margin:0 auto;\"><\/div><\/p>\n<p>Per il tecnico rossobl\u00f9, insomma, bisogna da un lato<em> &#8220;avere un occhio di riguardo verso l&#8217;avversario, perch\u00e8 se non lo conosci vai incontro a sorprese non belle&#8221;<\/em>, e dall&#8217;altro <em>&#8220;avere grande consapevolezza dei tuoi mezzi, senza perdere umilt\u00e0 e concentrazione. La spina va staccata solo a giugno&#8221;.<\/em> Di sicuro &#8220;<em>\u00e8 un Bologna che sta crescendo, sotto tutti i punti di vista&#8221;.<\/em><div id=\"videoincontent\" style=\"clear:both\";><\/div><\/p>\n<p>La partenza a singhiozzo \u00e8 stata figlia <em>&#8220;di qualche problema di inserimento di tanti ragazzi nuovi, abbiamo perso anche qualche giocatore importante ma siamo rientrati in carreggiata, in campionato siamo in una posizione di classifica bella e qualche numero \u00e8 migliorato. Se dovessimo continuare cos\u00ec, in campionato possiamo dire la nostra ma ci vogliono umilt\u00e0 e piedi per terra: per stare a quelle altitudini bisogna andare forte e non abbassare mai la guardia. Ogni partita \u00e8 una verifica e dobbiamo sempre farci trovare pronti&#8221;.<\/em><\/p>\n<p>E se \u00e8 vero che &#8220;<em>mi d\u00e0 pi\u00f9 soddisfazione, \u00e8 pi\u00f9 appagante rimanere attaccato alle posizioni che contano in campionato&#8221;, che resta &#8220;il primo obiettivo&#8221;,<\/em> <em>&#8220;quando per\u00f2 ti ritrovi a disputare tante competizioni vuoi andare avanti su tutti i fronti: non dimentichiamoci che quest&#8217;anno avremo anche la Supercoppa&#8221;.<\/em><\/p>\n<p>Tornando al <strong>Salisburgo<\/strong>, la grande novit\u00e0 \u00e8 l&#8217;inserimento di <strong>Dominguez nella lista Uefa visti gli infortuni di Cambiaghi e Rowe.<\/strong> <em>&#8220;Abbiamo aspettato fino all&#8217;ultimo se si poteva recuperare qualcuno ma l&#8217;unico \u00e8 stato Holm e cos\u00ec abbiamo optato per avere una scelta in pi\u00f9 in avanti&#8221;.<\/em> Bocca cucita invece sul solito ballottaggio fra <strong>Dallinga e Castro.<\/strong><em> &#8220;Detto che le caratteristiche devono adattarsi alle richieste della singola partita e a quello che si va a preparare, Dallinga \u00e8 bravo a buttarsi fra i centrali, ad attaccare la profondit\u00e0, mentre Castro sa legare il gioco, coprire la palla, sacrificarsi senza palla, \u00e8 un grande lottatore. A me piacerebbe vederli entrambi sorridenti: forse non abbiamo un centravanti da 20-25 gol ma mi starebbe bene se se li dividessero loro due. Io sono contento di entrambi, sono piccoli dettagli che fanno scegliere l&#8217;uno o altro ma tutti e due stanno facendo le cose per bene e sono convinto che continueranno a farlo&#8221;.<\/em><\/p>\n<p>La certezza \u00e8 invece l&#8217;impiego di <strong>Federico Ravaglia<\/strong> fra i pali. &#8220;<em>Sono emozionato di esordire in questa competizione e sono contento di farlo in casa<\/em> &#8211; assicura il 26enne portiere rossobl\u00f9 &#8211; <em>Sar\u00e0 una serata speciale per me ma l&#8217;obiettivo principale \u00e8 ottenere punti importanti in vista dell&#8217;obiettivo finale. Sar\u00e0 una partita aperta, combattuta, ma ci stiamo abituando a questi ritmi e faremo di tutto per ottenere la vittoria&#8221;.<br \/>\n<\/em><br \/>\n&#8211; foto Ipa Agency &#8211;<br \/>\n(ITALPRESS).<\/div>\n","protected":false},"excerpt":{"rendered":"<p>BOLOGNA (ITALPRESS) &#8211; Per andare avanti in Europa League serve un Bologna formato campionato. Se in serie A i rossobl\u00f9 volano alto, quarti assieme all&#8216;Inter, adesso serve cambiare passo anche fuori dai confini perch\u00e8 5 punti in 4 partite sono pochi per coltivare certe ambizioni. Ecco perch\u00e8 la sfida di domani al Dall&#8217;Ara contro il [&hellip;]<\/p>\n","protected":false},"author":18,"featured_media":255616,"comment_status":"closed","ping_status":"closed","sticky":false,"template":"","format":"standard","meta":{"ub_ctt_via":"","_mi_skip_tracking":false},"categories":[446],"tags":[783],"featured_image_src":"https:\/\/www.messinaoggi.it\/website\/wp-content\/uploads\/2025\/11\/20251126_2200.jpg","author_info":{"display_name":"Admin","author_link":"https:\/\/www.messinaoggi.it\/website\/author\/admin\/"},"digistream_id":0,"digistream":false,"_links":{"self":[{"href":"https:\/\/www.messinaoggi.it\/website\/wp-json\/wp\/v2\/posts\/255615"}],"collection":[{"href":"https:\/\/www.messinaoggi.it\/website\/wp-json\/wp\/v2\/posts"}],"about":[{"href":"https:\/\/www.messinaoggi.it\/website\/wp-json\/wp\/v2\/types\/post"}],"author":[{"embeddable":true,"href":"https:\/\/www.messinaoggi.it\/website\/wp-json\/wp\/v2\/users\/18"}],"replies":[{"embeddable":true,"href":"https:\/\/www.messinaoggi.it\/website\/wp-json\/wp\/v2\/comments?post=255615"}],"version-history":[{"count":0,"href":"https:\/\/www.messinaoggi.it\/website\/wp-json\/wp\/v2\/posts\/255615\/revisions"}],"wp:featuredmedia":[{"embeddable":true,"href":"https:\/\/www.messinaoggi.it\/website\/wp-json\/wp\/v2\/media\/255616"}],"wp:attachment":[{"href":"https:\/\/www.messinaoggi.it\/website\/wp-json\/wp\/v2\/media?parent=255615"}],"wp:term":[{"taxonomy":"category","embeddable":true,"href":"https:\/\/www.messinaoggi.it\/website\/wp-json\/wp\/v2\/categories?post=255615"},{"taxonomy":"post_tag","embeddable":true,"href":"https:\/\/www.messinaoggi.it\/website\/wp-json\/wp\/v2\/tags?post=255615"}],"curies":[{"name":"wp","href":"https:\/\/api.w.org\/{rel}","templated":true}]}}