{"id":255613,"date":"2025-11-26T19:06:44","date_gmt":"2025-11-26T18:06:44","guid":{"rendered":"https:\/\/www.messinaoggi.it\/website\/2025\/11\/26\/fiorentina-aek-vanoli-voglio-vedere-cuore-sacrificio-e-qualita\/"},"modified":"2025-11-26T19:06:44","modified_gmt":"2025-11-26T18:06:44","slug":"fiorentina-aek-vanoli-voglio-vedere-cuore-sacrificio-e-qualita","status":"publish","type":"post","link":"https:\/\/www.messinaoggi.it\/website\/2025\/11\/26\/fiorentina-aek-vanoli-voglio-vedere-cuore-sacrificio-e-qualita\/","title":{"rendered":"Fiorentina-Aek, Vanoli \u201cVoglio vedere cuore, sacrificio e qualit\u00e0\u201d"},"content":{"rendered":"<div>FIRENZE (ITALPRESS) &#8211;<em> &#8220;Dobbiamo partire dalle cose positive che stiamo facendo, dalla compattezza, dalla determinazione, dalla voglia di andarci a cercare un risultato positivo&#8221;.<\/em> Paolo <strong>Vanoli<\/strong> affronta il suo debutto assoluto come tecnico in una competizione europea con la voglia di sgombrare subito il campo dall&#8217;emozione (<em>&#8220;Non c&#8217;\u00e8 tempo per pensare a certe cose&#8221;<\/em>) e di concentrarsi su quel che la sua <strong>Fiorentina<\/strong> dovr\u00e0 fare domani contro l&#8217;<strong>Aek Atene<\/strong>, nel match valido per la <strong>Conference League.<\/strong> Il desiderio \u00e8 replicare il buon secondo tempo fatto sabato scorso contro la Juventus e dare continuit\u00e0 di prestazioni anche in campo europeo. <em>&#8220;Incontriamo una squadra che mi \u00e8 piaciuta molto a guardarla nei video perch\u00e8 ha un allenatore che \u00e8 molto propositivo, mettono quasi sempre sei uomini sulla linea difensiva, ma allo stesso tempo sono molto offensivi, capaci di ripartire perch\u00e8 hanno gente di gamba soprattutto sugli esterni<\/em> &#8211; ha sottolineato Vanoli -.<em> In campionato sono a tre punti dalla prima in classifica, nel campionato greco ho avuto la fortuna di giocarci, conosco la fame e la determinazione che hanno quando giocano in campo internazionale, anche per il calore della loro tifoseria&#8221;.<\/em><div id=\"div-gpt-ad-Messinaoggi.it-DSK-300x250-corpoart\" style=\"text-align:center;margin:0 auto;\"><\/div><\/p>\n<p><em>&#8220;In campionato hanno la migliore difesa, hanno fatto un p\u00f2 di fatica in pi\u00f9 in coppa, per\u00f2 sicuramente sanno benissimo, come lo sappiamo noi, quanto la Conference possa ribaltare ogni pronostico. E&#8217; per questo che ho detto ai miei giocatori che bisogna saper interpretare bene la differenza tra campionato e coppa. Stamane ho fatto vedere alla squadra quanti giocatori dell&#8217;Aek sono passati nel nostro campionato, questo per loro \u00e8 un vantaggio<\/em> &#8211; ha aggiunto Vanoli -. <em>Qualcuno conosce benissimo anche Firenze <\/em>(come l&#8217;ex viola Luka Jovic)<em> e magari avr\u00e0 grandi stimoli. E&#8217; una squadra propositiva, che sa in quale contesto giocher\u00e0 domani, per noi sar\u00e0 una gara dove dovremo fare un altro piccolo passo importante&#8221;.<\/em><div id=\"videoincontent\" style=\"clear:both\";><\/div><\/p>\n<p>Vanoli ha anticipato che in Conference sar\u00e0 confermato titolare in porta De Gea, che ci sar\u00e0 spazio in attacco per Dzeko, mentre a centrocampo si gioca le sue chance di essere schierato dal 1&#8242; Hans Nicolussi Caviglia. <em>&#8220;L&#8217;Aek Atene lavora molto sull&#8217;intensit\u00e0 ma \u00e8 anche una squadra che gioca. L&#8217;aspetto temperamentale \u00e8 quello che poi ti fa vincere le seconde palle, ti permette di tenerle e giocarle, \u00e8 una componente troppo importante all&#8217;interno di una gara. Nelle ultime partite ci stiamo concentrando maggiormente su<\/em><br \/>\n<em>questo aspetto&#8221;,<\/em> ha spiegato il centrocampista viola. <em>&#8220;Mister Vanoli ci sta dando concetti che stiamo cercando di apprendere il pi\u00f9 velocemente possibile<\/em> &#8211; aggiunge -.<em> Ogni allenamento \u00e8 importante e prezioso perch\u00e8 possiamo mettere in pratica quello che vediamo nelle sedute video e che ci trasmette nei suoi discorsi. Alla fine \u00e8 in campo che riesci a trovare gli automatismi, ma al di l\u00e0 di questo stiamo cercando di ripartire da un concetto di compattezza, di stare tutti uniti, lo abbiamo fatto vedere nell&#8217;ultima partita dove abbiamo trovato maggior solidit\u00e0 da questo punto di vista&#8221;<\/em>.<\/p>\n<p>Giocare contro l&#8217;Aek Atene<em> &#8220;non \u00e8 assolutamente un ostacolo, anzi<\/em> &#8211; ha spiegato Vanoli -. <em>E&#8217; un&#8217;altra partita che ci permetter\u00e0 di vedere i nostri miglioramenti, che mi permette di vedere all&#8217;opera altri giocatori, e questa per me \u00e8 una cosa importante. Dobbiamo guardare di partita di partita. Adesso il nostro pensiero \u00e8 a questa coppa che arriva anche nel momento giusto. Se vogliamo diventare grandi dobbiamo pensare che \u00e8 bello giocare ogni tre giorni. Domani voglio vedere una crescita non solo sull&#8217;aspetto del cuore e del sacrificio, voglio che ci si metta anche qualche cosa in pi\u00f9 sul piano della qualit\u00e0 e dell&#8217;aspetto tecnico-tattico<\/em>&#8220;. Possibile che contro l&#8217;Aek si possa rivedere dal 1&#8242;, dopo l&#8217;iniziale panchina contro la Juventus, Albert Gudmundsson. <em>&#8220;Giocare in nazionale gli ha dato motivazione, ora deve fare un passaggio, capire che chi vuole diventare un campione deve prendere per mano la squadra e la deve trascinare. Io ho giocato con dei campioni, anche qua<\/em>&#8221; a Firenze<em>, &#8220;e nei momenti difficili mi hanno sempre trascinato, io pretendo da Albert questo perch\u00e8 ha le qualit\u00e0, \u00e8 un giocatore importante per questa squadra e per questo gruppo. Io sono convinto che alla fine ci potr\u00e0 dare delle grandi soddisfazioni, per\u00f2 deve capire che deve diventare questo, me lo aspetto da lui e anche da qualche altro giocatore&#8221;.<\/em><\/p>\n<p>&#8211; Foto Ipa Agency &#8211;<\/p>\n<p>(ITALPRESS).<\/p><\/div>\n","protected":false},"excerpt":{"rendered":"<p>FIRENZE (ITALPRESS) &#8211; &#8220;Dobbiamo partire dalle cose positive che stiamo facendo, dalla compattezza, dalla determinazione, dalla voglia di andarci a cercare un risultato positivo&#8221;. Paolo Vanoli affronta il suo debutto assoluto come tecnico in una competizione europea con la voglia di sgombrare subito il campo dall&#8217;emozione (&#8220;Non c&#8217;\u00e8 tempo per pensare a certe cose&#8221;) e [&hellip;]<\/p>\n","protected":false},"author":18,"featured_media":255614,"comment_status":"closed","ping_status":"closed","sticky":false,"template":"","format":"standard","meta":{"ub_ctt_via":"","_mi_skip_tracking":false},"categories":[446],"tags":[783],"featured_image_src":"https:\/\/www.messinaoggi.it\/website\/wp-content\/uploads\/2025\/11\/20251126_1938.jpg","author_info":{"display_name":"Admin","author_link":"https:\/\/www.messinaoggi.it\/website\/author\/admin\/"},"digistream_id":0,"digistream":false,"_links":{"self":[{"href":"https:\/\/www.messinaoggi.it\/website\/wp-json\/wp\/v2\/posts\/255613"}],"collection":[{"href":"https:\/\/www.messinaoggi.it\/website\/wp-json\/wp\/v2\/posts"}],"about":[{"href":"https:\/\/www.messinaoggi.it\/website\/wp-json\/wp\/v2\/types\/post"}],"author":[{"embeddable":true,"href":"https:\/\/www.messinaoggi.it\/website\/wp-json\/wp\/v2\/users\/18"}],"replies":[{"embeddable":true,"href":"https:\/\/www.messinaoggi.it\/website\/wp-json\/wp\/v2\/comments?post=255613"}],"version-history":[{"count":0,"href":"https:\/\/www.messinaoggi.it\/website\/wp-json\/wp\/v2\/posts\/255613\/revisions"}],"wp:featuredmedia":[{"embeddable":true,"href":"https:\/\/www.messinaoggi.it\/website\/wp-json\/wp\/v2\/media\/255614"}],"wp:attachment":[{"href":"https:\/\/www.messinaoggi.it\/website\/wp-json\/wp\/v2\/media?parent=255613"}],"wp:term":[{"taxonomy":"category","embeddable":true,"href":"https:\/\/www.messinaoggi.it\/website\/wp-json\/wp\/v2\/categories?post=255613"},{"taxonomy":"post_tag","embeddable":true,"href":"https:\/\/www.messinaoggi.it\/website\/wp-json\/wp\/v2\/tags?post=255613"}],"curies":[{"name":"wp","href":"https:\/\/api.w.org\/{rel}","templated":true}]}}