{"id":255589,"date":"2025-11-27T00:06:44","date_gmt":"2025-11-26T23:06:44","guid":{"rendered":"https:\/\/www.messinaoggi.it\/website\/2025\/11\/26\/giustizia-foti-centrodestra-coerente-per-la-sinistra-referendum-contro-meloni\/"},"modified":"2025-11-27T10:39:49","modified_gmt":"2025-11-27T09:39:49","slug":"giustizia-foti-centrodestra-coerente-per-la-sinistra-referendum-contro-meloni","status":"publish","type":"post","link":"https:\/\/www.messinaoggi.it\/website\/2025\/11\/27\/giustizia-foti-centrodestra-coerente-per-la-sinistra-referendum-contro-meloni\/","title":{"rendered":"Giustizia, Foti \u201cCentrodestra coerente, per la sinistra referendum contro Meloni\u201d"},"content":{"rendered":"<div>ROMA (ITALPRESS) &#8211; <em>&#8220;La separazione delle carriere \u00e8 una battaglia che il centrodestra ha sempre proposto agli elettori e che ogni volta che il centrodestra ha vinto \u00e8 stata riproposta: questa volta \u00e8 stata conclusa&#8221;<\/em>. Cos\u00ec il <strong>ministro per gli Affari europei, Tommaso Foti,<\/strong> ad &#8220;Agor\u00e0&#8221; su Rai3.<div id=\"div-gpt-ad-Messinaoggi.it-DSK-300x250-corpoart\" style=\"text-align:center;margin:0 auto;\"><\/div><\/p>\n<p>&#8220;<strong><em>Dall&#8217;altra parte si vuol fare un referendum contro Meloni&#8221;<\/em><\/strong> che &#8220;<em>ha attuato una parte anche di quelle che erano le idee dell&#8217;attuale opposizione e che oggi nega: faccio riferimento a quanto si leggeva nel programma dell&#8217;onorevole Martina come segretario del PD dove c&#8217;era la separazione delle carriere e al programma elettorale del PD delle elezioni del 2022 dove era prevista un&#8217;altra Corte per giudicare il comportamento dei giudici&#8221;<\/em>, ha sottolineato.<div id=\"videoincontent\" style=\"clear:both\";><\/div><\/p>\n<p>&#8220;<strong><em>Il centrodestra \u00e8 stato coerente: non \u00e8 una battaglia politica, \u00e8 una battaglia di libert\u00e0. Decidono gli elettori come ritengono pi\u00f9 opportuno&#8221;,<\/em><\/strong> ha detto ancora Foti.<\/p>\n<p>&#8211; Foto IPA Agency &#8211;<\/p>\n<p>(ITALPRESS).<\/p><\/div>\n","protected":false},"excerpt":{"rendered":"<p>ROMA (ITALPRESS) &#8211; &#8220;La separazione delle carriere \u00e8 una battaglia che il centrodestra ha sempre proposto agli elettori e che ogni volta che il centrodestra ha vinto \u00e8 stata riproposta: questa volta \u00e8 stata conclusa&#8221;. Cos\u00ec il ministro per gli Affari europei, Tommaso Foti, ad &#8220;Agor\u00e0&#8221; su Rai3. &#8220;Dall&#8217;altra parte si vuol fare un referendum [&hellip;]<\/p>\n","protected":false},"author":18,"featured_media":255590,"comment_status":"closed","ping_status":"closed","sticky":false,"template":"","format":"standard","meta":{"ub_ctt_via":"","_mi_skip_tracking":false},"categories":[446,4],"tags":[783],"featured_image_src":"https:\/\/www.messinaoggi.it\/website\/wp-content\/uploads\/2025\/11\/20251126_0717.jpg","author_info":{"display_name":"Admin","author_link":"https:\/\/www.messinaoggi.it\/website\/author\/admin\/"},"digistream_id":0,"digistream":false,"_links":{"self":[{"href":"https:\/\/www.messinaoggi.it\/website\/wp-json\/wp\/v2\/posts\/255589"}],"collection":[{"href":"https:\/\/www.messinaoggi.it\/website\/wp-json\/wp\/v2\/posts"}],"about":[{"href":"https:\/\/www.messinaoggi.it\/website\/wp-json\/wp\/v2\/types\/post"}],"author":[{"embeddable":true,"href":"https:\/\/www.messinaoggi.it\/website\/wp-json\/wp\/v2\/users\/18"}],"replies":[{"embeddable":true,"href":"https:\/\/www.messinaoggi.it\/website\/wp-json\/wp\/v2\/comments?post=255589"}],"version-history":[{"count":1,"href":"https:\/\/www.messinaoggi.it\/website\/wp-json\/wp\/v2\/posts\/255589\/revisions"}],"predecessor-version":[{"id":255648,"href":"https:\/\/www.messinaoggi.it\/website\/wp-json\/wp\/v2\/posts\/255589\/revisions\/255648"}],"wp:featuredmedia":[{"embeddable":true,"href":"https:\/\/www.messinaoggi.it\/website\/wp-json\/wp\/v2\/media\/255590"}],"wp:attachment":[{"href":"https:\/\/www.messinaoggi.it\/website\/wp-json\/wp\/v2\/media?parent=255589"}],"wp:term":[{"taxonomy":"category","embeddable":true,"href":"https:\/\/www.messinaoggi.it\/website\/wp-json\/wp\/v2\/categories?post=255589"},{"taxonomy":"post_tag","embeddable":true,"href":"https:\/\/www.messinaoggi.it\/website\/wp-json\/wp\/v2\/tags?post=255589"}],"curies":[{"name":"wp","href":"https:\/\/api.w.org\/{rel}","templated":true}]}}