{"id":255530,"date":"2025-11-26T10:54:45","date_gmt":"2025-11-26T09:54:45","guid":{"rendered":"http:\/\/www.messinaoggi.it\/website\/?p=255530"},"modified":"2025-11-26T10:54:46","modified_gmt":"2025-11-26T09:54:46","slug":"francavilla-in-default-cateno-perdera-un-altro-sindaco","status":"publish","type":"post","link":"https:\/\/www.messinaoggi.it\/website\/2025\/11\/26\/francavilla-in-default-cateno-perdera-un-altro-sindaco\/","title":{"rendered":"Francavilla in default, Cateno perder\u00e0 un altro sindaco"},"content":{"rendered":"\n<p>Luned\u00ec 1 dicembre 2025 il Consiglio comunale di Francavilla di Sicilia dichiarer\u00e0 il default. La data \u00e8 stata fissata nei giorni scorsi, dopo che la Corte dei Conti, nei giorni scorsi, ha messo il sigillo sul dissesto finanziario del Comune messinese.<div id=\"div-gpt-ad-Messinaoggi.it-DSK-300x250-corpoart\" style=\"text-align:center;margin:0 auto;\"><\/div><\/p>\n\n\n\n<p>Il sindaco Vincenzo Pulizzi, vicinissimo alle posizioni di \u201cSud chiama Nord\u201d ha gettato la spugna al cospetto di un debito che sfiora i 12 mln di euro. Di fronte ai magistrati contabili ha discusso in contraddittorio la relazione sul piano di riequilibrio, ma non ci sono i margini per salvare dal fallimento le casse comunali.<div id=\"videoincontent\" style=\"clear:both\";><\/div><\/p>\n\n\n\n<p>La colpa, ovviamente, \u00e8 sempre di quelli che c\u2019erano prima e guarda caso prima di Pulizzi c\u2019era Pulizzi. Dal 2017 l\u2019uomo di Cateno De Luca, gi\u00e0 candidato alle regionali del 2022 con una lista di riferimento del dominus di Fiumedinisi, regge le sorti del Comune di Francavilla nella sua qualit\u00e0 di sindaco.<\/p>\n\n\n\n<p>\u201cNoi sappiamo amministrare e siamo un modello a livello regionale e nazionale\u201d, sono le parole che sovente i dirigenti di Sud chiama Nord pronunciano durante i comizi elettorali. L\u2019ultimo a Milazzo. E si vede come sanno amministrare. Se i risultati sono questi, allora c\u2019\u00e8 da credere che quello della \u201cbuona amministrazione\u201d \u00e8 solo uno slogan.<\/p>\n\n\n\n<p>Dopo la dichiarazione del dissesto, Pulizzi rassegner\u00e0 le sue dimissioni. Si tratta del secondo sindaco che Cateno De Luca perde nel giro di pochi mesi. E il prossimo?<\/p>\n","protected":false},"excerpt":{"rendered":"<p>Luned\u00ec 1 dicembre 2025 il Consiglio comunale di Francavilla di Sicilia dichiarer\u00e0 il default. La data \u00e8 stata fissata nei giorni scorsi, dopo che la Corte dei Conti, nei giorni scorsi, ha messo il sigillo sul dissesto finanziario del Comune messinese. Il sindaco Vincenzo Pulizzi, vicinissimo alle posizioni di \u201cSud chiama Nord\u201d ha gettato la [&hellip;]<\/p>\n","protected":false},"author":2,"featured_media":255531,"comment_status":"open","ping_status":"open","sticky":false,"template":"","format":"standard","meta":{"ub_ctt_via":"","_mi_skip_tracking":false},"categories":[6],"tags":[126,11926,10551,5307,11925],"featured_image_src":"https:\/\/www.messinaoggi.it\/website\/wp-content\/uploads\/2025\/11\/12-11-2020_post_sicilia-192633.jpg","author_info":{"display_name":"Redazione","author_link":"https:\/\/www.messinaoggi.it\/website\/author\/redazione\/"},"digistream_id":0,"digistream":false,"_links":{"self":[{"href":"https:\/\/www.messinaoggi.it\/website\/wp-json\/wp\/v2\/posts\/255530"}],"collection":[{"href":"https:\/\/www.messinaoggi.it\/website\/wp-json\/wp\/v2\/posts"}],"about":[{"href":"https:\/\/www.messinaoggi.it\/website\/wp-json\/wp\/v2\/types\/post"}],"author":[{"embeddable":true,"href":"https:\/\/www.messinaoggi.it\/website\/wp-json\/wp\/v2\/users\/2"}],"replies":[{"embeddable":true,"href":"https:\/\/www.messinaoggi.it\/website\/wp-json\/wp\/v2\/comments?post=255530"}],"version-history":[{"count":1,"href":"https:\/\/www.messinaoggi.it\/website\/wp-json\/wp\/v2\/posts\/255530\/revisions"}],"predecessor-version":[{"id":255532,"href":"https:\/\/www.messinaoggi.it\/website\/wp-json\/wp\/v2\/posts\/255530\/revisions\/255532"}],"wp:featuredmedia":[{"embeddable":true,"href":"https:\/\/www.messinaoggi.it\/website\/wp-json\/wp\/v2\/media\/255531"}],"wp:attachment":[{"href":"https:\/\/www.messinaoggi.it\/website\/wp-json\/wp\/v2\/media?parent=255530"}],"wp:term":[{"taxonomy":"category","embeddable":true,"href":"https:\/\/www.messinaoggi.it\/website\/wp-json\/wp\/v2\/categories?post=255530"},{"taxonomy":"post_tag","embeddable":true,"href":"https:\/\/www.messinaoggi.it\/website\/wp-json\/wp\/v2\/tags?post=255530"}],"curies":[{"name":"wp","href":"https:\/\/api.w.org\/{rel}","templated":true}]}}