{"id":255465,"date":"2025-11-25T14:04:58","date_gmt":"2025-11-25T13:04:58","guid":{"rendered":"http:\/\/www.messinaoggi.it\/website\/?p=255465"},"modified":"2025-11-25T14:05:00","modified_gmt":"2025-11-25T13:05:00","slug":"viale-san-martino-la-iv-municipalita-chiede-agevolazioni-per-i-lavoratori-la-richiesta-ufficiale-ad-atm","status":"publish","type":"post","link":"https:\/\/www.messinaoggi.it\/website\/2025\/11\/25\/viale-san-martino-la-iv-municipalita-chiede-agevolazioni-per-i-lavoratori-la-richiesta-ufficiale-ad-atm\/","title":{"rendered":"Viale San Martino, la IV Municipalit\u00e0 chiede agevolazioni per i lavoratori: la richiesta ufficiale ad ATM"},"content":{"rendered":"\n<p>La IV Municipalit\u00e0 \u201cCentro Storico\u201d torna a farsi portavoce delle esigenze dei lavoratori del Viale San Martino e delle vie limitrofe, chiedendo al Comune e ad ATM misure concrete per alleggerire i costi dei parcheggi nelle zone ZTL. La richiesta arriva tramite una nota formale inviata dalla Presidente della I Commissione, <strong>Debora Buda<\/strong>, indirizzata ad ATM, al Dipartimento Servizi Manutentivi, all\u2019Assessore alla Mobilit\u00e0 <strong>Salvatore Mondello<\/strong> e all\u2019Assessore alle Partecipate <strong>Antonino Careri<\/strong>.<div id=\"div-gpt-ad-Messinaoggi.it-DSK-300x250-corpoart\" style=\"text-align:center;margin:0 auto;\"><\/div><\/p>\n\n\n\n<p>Nel documento \u2014 protocollato il 20 novembre 2025 \u2014 si evidenziano le difficolt\u00e0 economiche dei tanti dipendenti delle attivit\u00e0 commerciali che ogni giorno raggiungono il Viale San Martino, area interessata dalla nuova isola pedonale e da una forte rimodulazione dei parcheggi.<div id=\"videoincontent\" style=\"clear:both\";><\/div><\/p>\n\n\n\n<p>La proposta della IV Municipalit\u00e0La Commissione chiede l\u2019introduzione di tariffe agevolate per i lavoratori, indicando cinque possibili soluzioni operative:<\/p>\n\n\n\n<p>1. Una scontistica dedicata ai dipendenti che devono accedere alle zone ZTL.<\/p>\n\n\n\n<p>2. Una scontistica riservata ai dipendenti con reddito ISEE basso, previa esibizione della documentazione.<\/p>\n\n\n\n<p>3. Agevolazioni per i parcheggi \u201cLa Farina\u201d e \u201cCavallotti\u201d, da estendere ai lavoratori del Viale.<\/p>\n\n\n\n<p>4. Navette dedicate dai parcheggi di interscambio (sia Nord che Sud) verso il Viale San Martino, con corse specifiche nelle fasce orarie lavorative.<\/p>\n\n\n\n<p>5. Ulteriori agevolazioni, da definire congiuntamente con ATM.<\/p>\n\n\n\n<h2>La motivazione<\/h2>\n\n\n\n<p>Secondo quanto riportato nella nota:<\/p>\n\n\n\n<p>\u201cTale scontistica sarebbe essenziale per consentire un maggior respiro a chi lavora nelle zone a pagamento, gi\u00e0 sotto pressione a causa della grave inflazione in corso.\u201d<\/p>\n\n\n\n<p>La Municipalit\u00e0 chiede quindi che ATM apra un confronto e individui una soluzione economicamente sostenibile e immediatamente applicabile.<\/p>\n\n\n\n<h2>L\u2019intervento di Debora Buda<\/h2>\n\n\n\n<p>A diffondere la comunicazione \u00e8 stata la vicepresidente della IV Municipalit\u00e0, Debora Buda, che sottolinea come questa richiesta sia stata formulata \u201cin rappresentanza dei dipendenti e delle attivit\u00e0 del Viale, particolarmente colpite dalle recenti modifiche alla viabilit\u00e0 e dalle difficolt\u00e0 di parcheggio\u201d.<\/p>\n\n\n\n<h2>In attesa della risposta di ATM<\/h2>\n\n\n\n<p>La IV Municipalit\u00e0 attende adesso un riscontro ufficiale da parte dell\u2019Azienda Trasporti, auspicando l\u2019apertura di un tavolo congiunto per garantire misure efficaci e tempestive a favore dei lavoratori della zona.<\/p>\n","protected":false},"excerpt":{"rendered":"<p>La IV Municipalit\u00e0 \u201cCentro Storico\u201d torna a farsi portavoce delle esigenze dei lavoratori del Viale San Martino e delle vie limitrofe, chiedendo al Comune e ad ATM misure concrete per alleggerire i costi dei parcheggi nelle zone ZTL. La richiesta arriva tramite una nota formale inviata dalla Presidente della I Commissione, Debora Buda, indirizzata ad [&hellip;]<\/p>\n","protected":false},"author":15,"featured_media":102259,"comment_status":"open","ping_status":"open","sticky":false,"template":"","format":"standard","meta":{"ub_ctt_via":"","_mi_skip_tracking":false},"categories":[4,6],"tags":[2591,621,4253,79],"featured_image_src":"https:\/\/www.messinaoggi.it\/website\/wp-content\/uploads\/2022\/03\/Debora-Buda.jpeg","author_info":{"display_name":"red.me","author_link":"https:\/\/www.messinaoggi.it\/website\/author\/red-me\/"},"digistream_id":0,"digistream":false,"_links":{"self":[{"href":"https:\/\/www.messinaoggi.it\/website\/wp-json\/wp\/v2\/posts\/255465"}],"collection":[{"href":"https:\/\/www.messinaoggi.it\/website\/wp-json\/wp\/v2\/posts"}],"about":[{"href":"https:\/\/www.messinaoggi.it\/website\/wp-json\/wp\/v2\/types\/post"}],"author":[{"embeddable":true,"href":"https:\/\/www.messinaoggi.it\/website\/wp-json\/wp\/v2\/users\/15"}],"replies":[{"embeddable":true,"href":"https:\/\/www.messinaoggi.it\/website\/wp-json\/wp\/v2\/comments?post=255465"}],"version-history":[{"count":3,"href":"https:\/\/www.messinaoggi.it\/website\/wp-json\/wp\/v2\/posts\/255465\/revisions"}],"predecessor-version":[{"id":255468,"href":"https:\/\/www.messinaoggi.it\/website\/wp-json\/wp\/v2\/posts\/255465\/revisions\/255468"}],"wp:featuredmedia":[{"embeddable":true,"href":"https:\/\/www.messinaoggi.it\/website\/wp-json\/wp\/v2\/media\/102259"}],"wp:attachment":[{"href":"https:\/\/www.messinaoggi.it\/website\/wp-json\/wp\/v2\/media?parent=255465"}],"wp:term":[{"taxonomy":"category","embeddable":true,"href":"https:\/\/www.messinaoggi.it\/website\/wp-json\/wp\/v2\/categories?post=255465"},{"taxonomy":"post_tag","embeddable":true,"href":"https:\/\/www.messinaoggi.it\/website\/wp-json\/wp\/v2\/tags?post=255465"}],"curies":[{"name":"wp","href":"https:\/\/api.w.org\/{rel}","templated":true}]}}