{"id":255430,"date":"2025-11-25T10:06:54","date_gmt":"2025-11-25T09:06:54","guid":{"rendered":"http:\/\/www.messinaoggi.it\/website\/?p=255430"},"modified":"2025-11-25T10:06:55","modified_gmt":"2025-11-25T09:06:55","slug":"presentato-il-messina-opera-film-festival","status":"publish","type":"post","link":"https:\/\/www.messinaoggi.it\/website\/2025\/11\/25\/presentato-il-messina-opera-film-festival\/","title":{"rendered":"Presentato il &#8220;Messina Opera Film Festival&#8221;"},"content":{"rendered":"\n<p>Conferenza stampa di presentazione della nona edizione del\u00a0<strong>Messina Opera Film Festival<\/strong>\u00a0che si svolger\u00e0 alla Sala Laudamo dal\u00a0<strong>29 novembre al 7 dicembre<\/strong>.<div id=\"div-gpt-ad-Messinaoggi.it-DSK-300x250-corpoart\" style=\"text-align:center;margin:0 auto;\"><\/div><\/p>\n\n\n\n<p>La ricca programmazione di quest\u2019anno prevede la proiezione di circa cinquanta opere suddivise in varie sezioni tematiche non competitive ed una di cortometraggi competitiva.<div id=\"videoincontent\" style=\"clear:both\";><\/div><\/p>\n\n\n\n<p>L\u2019Assessore Regionale al Turismo, Sport e Spettacolo, <strong>Elvira Amata<\/strong>, ha dichiarato: \u201cIl programma della nuova edizione del Festival conferma l\u2019assoluta qualit\u00e0 di questo evento, che rappresenta un appuntamento unico nel panorama nazionale e una delle rare rassegne a livello internazionale che si occupa, in modo cos\u00ec approfondito, del magico legame che lega cinema e opera. Un evento che cresce sempre di pi\u00f9, grazie ai contenuti di grande valore che presenta e che sposa perfettamente la visione dell\u2019Assessorato\u201d.<\/p>\n\n\n\n<p>L\u2019Assessore alle Politiche Giovanili del Comune di Messina, <strong>Liana Cannata<\/strong>, ha aggiunto: \u201cCon grande piacere il Comune di Messina e la sua Fondazione sostengono, anche per quest\u2019anno, il Messina Opera Film Festival con la consapevolezza che la manifestazione, con il rilevo nazionale e internazionale che ha assunto, assicura una crescita e una visibilit\u00e0 al sistema culturale cittadino e pi\u00f9 in generale alla stessa citt\u00e0 di Messina e che si inserisce con piena riconoscibilit\u00e0 e esclusivit\u00e0 nel circuito dei festival cinematografici\u201d,<\/p>\n\n\n\n<p><strong>Orazio Miloro<\/strong>, Presidente del Teatro Vittorio Emanuele, ha poi sottolineato: \u201cAbbiamo ormai istituzionalizzato all\u2019interno della nostra Stagione l\u2019appuntamento con il Messina Opera Film Festival, un momento unico di dialogo creativo tra cinema e opera lirica. Il MOFF non \u00e8 soltanto un evento, ma un atto scenico che unisce linguaggi e visioni diverse in una drammaturgia contemporanea di grande fascino. L\u2019ingresso del Festival nella Rete Europea dei festival cinematografici dedicati alla musica conferma la solidit\u00e0 del progetto e la sua crescente rilevanza culturale. Per il Teatro di Messina rappresenta un\u2019occasione preziosa per ampliare gli orizzonti artistici e coinvolgere nuove generazioni, che nel MOFF trovano un ponte naturale verso l\u2019opera, il cinema e il teatro. Un appuntamento che rinnova la tradizione con lo slancio della contemporaneit\u00e0 e rafforza il ruolo del nostro Teatro nel panorama culturale mediterraneo ed europeo\u201d.<\/p>\n\n\n\n<p>\u201cGrande orgoglio nel confermare una edizione del Messina Opera Film Festival che guarda al futuro con importanti traguardi artistici e organizzativi raggiunti e nel mirino. Su tutti l\u2019adesione alla rete europea del Music Film Festival Network, il consolidamento del rapporto con Mymovies, la possibilit\u00e0 di presentare a Messina la straordinaria esperienza artistica di Andrea Andermann\u201d, ha infine dichiarato il direttore artistico <strong>Ninni Panzera<\/strong> presentando il MOFF.<\/p>\n\n\n\n<p>Presente anche il Provveditore agli Studi <strong>Leon Zingales<\/strong>, a testimonianza delle collaborazioni del MOFF con le realt\u00e0 scolastiche del territorio messinese.<\/p>\n\n\n\n<p>\u00c8 importante sottolineare che da gennaio 2025 il <strong>MOFF<\/strong>, <strong>unico festival italiano a trattare del rapporto tra cinema e opera lirica<\/strong>, \u00e8 diventato il quattordicesimo membro del <strong>Music Film Festival Network<\/strong> la rete europea che accoglie i festival cinematografici musicali e i cui componenti saranno a Messina nel week end inaugurale della kermesse, per un incontro e per discutere di possibili comuni strategie culturali.<\/p>\n","protected":false},"excerpt":{"rendered":"<p>Conferenza stampa di presentazione della nona edizione del\u00a0Messina Opera Film Festival\u00a0che si svolger\u00e0 alla Sala Laudamo dal\u00a029 novembre al 7 dicembre. La ricca programmazione di quest\u2019anno prevede la proiezione di circa cinquanta opere suddivise in varie sezioni tematiche non competitive ed una di cortometraggi competitiva. L\u2019Assessore Regionale al Turismo, Sport e Spettacolo, Elvira Amata, ha [&hellip;]<\/p>\n","protected":false},"author":2,"featured_media":170369,"comment_status":"open","ping_status":"open","sticky":false,"template":"","format":"standard","meta":{"ub_ctt_via":"","_mi_skip_tracking":false},"categories":[5,17],"tags":[655,11913,8756],"featured_image_src":"https:\/\/www.messinaoggi.it\/website\/wp-content\/uploads\/2023\/09\/49029565_2510084162352025_1256520307674447872_n-e1695710521886.jpg","author_info":{"display_name":"Redazione","author_link":"https:\/\/www.messinaoggi.it\/website\/author\/redazione\/"},"digistream_id":0,"digistream":false,"_links":{"self":[{"href":"https:\/\/www.messinaoggi.it\/website\/wp-json\/wp\/v2\/posts\/255430"}],"collection":[{"href":"https:\/\/www.messinaoggi.it\/website\/wp-json\/wp\/v2\/posts"}],"about":[{"href":"https:\/\/www.messinaoggi.it\/website\/wp-json\/wp\/v2\/types\/post"}],"author":[{"embeddable":true,"href":"https:\/\/www.messinaoggi.it\/website\/wp-json\/wp\/v2\/users\/2"}],"replies":[{"embeddable":true,"href":"https:\/\/www.messinaoggi.it\/website\/wp-json\/wp\/v2\/comments?post=255430"}],"version-history":[{"count":1,"href":"https:\/\/www.messinaoggi.it\/website\/wp-json\/wp\/v2\/posts\/255430\/revisions"}],"predecessor-version":[{"id":255431,"href":"https:\/\/www.messinaoggi.it\/website\/wp-json\/wp\/v2\/posts\/255430\/revisions\/255431"}],"wp:featuredmedia":[{"embeddable":true,"href":"https:\/\/www.messinaoggi.it\/website\/wp-json\/wp\/v2\/media\/170369"}],"wp:attachment":[{"href":"https:\/\/www.messinaoggi.it\/website\/wp-json\/wp\/v2\/media?parent=255430"}],"wp:term":[{"taxonomy":"category","embeddable":true,"href":"https:\/\/www.messinaoggi.it\/website\/wp-json\/wp\/v2\/categories?post=255430"},{"taxonomy":"post_tag","embeddable":true,"href":"https:\/\/www.messinaoggi.it\/website\/wp-json\/wp\/v2\/tags?post=255430"}],"curies":[{"name":"wp","href":"https:\/\/api.w.org\/{rel}","templated":true}]}}