{"id":25543,"date":"2018-10-15T16:22:01","date_gmt":"2018-10-15T14:22:01","guid":{"rendered":"http:\/\/www.messinaoggi.it\/website\/?p=25543"},"modified":"2018-10-15T16:22:01","modified_gmt":"2018-10-15T14:22:01","slug":"a-18-schianto-contro-la-galleria-un-morto-e-un-ferito","status":"publish","type":"post","link":"https:\/\/www.messinaoggi.it\/website\/2018\/10\/15\/a-18-schianto-contro-la-galleria-un-morto-e-un-ferito\/","title":{"rendered":"A-18: schianto contro la galleria. Un morto e un ferito"},"content":{"rendered":"<p>Schianto poco dopo le 15 sulla A-18, poco dopo lo svincolo di Taormina. Un furgone con a bordo due persone, sulla carreggiata Messina-Catania, si \u00e8 schiantato all&#8217;ingresso della galleria.<br \/>\n<img loading=\"lazy\" class=\"alignnone size-medium wp-image-25547\" src=\"http:\/\/www.messinaoggi.it\/website\/wp-content\/uploads\/2018\/10\/05D6383B-DF21-4326-ABE8-3C5853B3BA9D-300x189.jpeg\" alt=\"\" width=\"300\" height=\"189\" \/><br \/>\nMorto uno dei due occupanti del mezzo: il conducente del furgone \u00e8 gravemente ferito. Sul posto la Polizia stradale, il traffico \u00e8 rallentato in direzione Catania.<br \/>\nGli uomini del 118 hanno constatato il decesso di uno dei due occupanti del furgone, mentre il ferito \u00e8 stato trasportato al Pronto soccorso del Sirina, da dove con molta probabilit\u00e0 sar\u00e0 trasferito al Policlinico di Messina.<br \/>\nSulle cause dell&#8217;incidente stanno lavorando gli agenti della Polstrada, da una prima ricostruzione pare si sia trattato di un incidente autonomo. La vettura potrebbe avere sbandato a causa dell&#8217;asfalto reso viscido dalla pioggia. Il conducente del mezzo non \u00e8 riuscito a riprendere il furgone che si \u00e8 andato a schiantare contro il muro d&#8217;ingresso della galleria.<br \/>\n<em><strong>in aggiornamento<\/strong><\/em><div id=\"div-gpt-ad-Messinaoggi.it-DSK-300x250-corpoart\" style=\"text-align:center;margin:0 auto;\"><\/div><\/p>\n<div id=\"videoincontent\" style=\"clear:both\";><\/div>","protected":false},"excerpt":{"rendered":"<p>Schianto poco dopo le 15 sulla A-18, poco dopo lo svincolo di Taormina. Un furgone con a bordo due persone, sulla carreggiata Messina-Catania, si \u00e8 schiantato all&#8217;ingresso della galleria. Morto uno dei due occupanti del mezzo: il conducente del furgone \u00e8 gravemente ferito. Sul posto la Polizia stradale, il traffico \u00e8 rallentato in direzione Catania. [&hellip;]<\/p>\n","protected":false},"author":2,"featured_media":25546,"comment_status":"closed","ping_status":"open","sticky":false,"template":"","format":"standard","meta":{"ub_ctt_via":"","_mi_skip_tracking":false},"categories":[19],"tags":[],"featured_image_src":"https:\/\/www.messinaoggi.it\/website\/wp-content\/uploads\/2018\/10\/1E8AB94F-F7FD-4043-9C63-1E3532A1D1F8.jpeg","author_info":{"display_name":"Redazione","author_link":"https:\/\/www.messinaoggi.it\/website\/author\/redazione\/"},"digistream_id":0,"digistream":false,"_links":{"self":[{"href":"https:\/\/www.messinaoggi.it\/website\/wp-json\/wp\/v2\/posts\/25543"}],"collection":[{"href":"https:\/\/www.messinaoggi.it\/website\/wp-json\/wp\/v2\/posts"}],"about":[{"href":"https:\/\/www.messinaoggi.it\/website\/wp-json\/wp\/v2\/types\/post"}],"author":[{"embeddable":true,"href":"https:\/\/www.messinaoggi.it\/website\/wp-json\/wp\/v2\/users\/2"}],"replies":[{"embeddable":true,"href":"https:\/\/www.messinaoggi.it\/website\/wp-json\/wp\/v2\/comments?post=25543"}],"version-history":[{"count":0,"href":"https:\/\/www.messinaoggi.it\/website\/wp-json\/wp\/v2\/posts\/25543\/revisions"}],"wp:featuredmedia":[{"embeddable":true,"href":"https:\/\/www.messinaoggi.it\/website\/wp-json\/wp\/v2\/media\/25546"}],"wp:attachment":[{"href":"https:\/\/www.messinaoggi.it\/website\/wp-json\/wp\/v2\/media?parent=25543"}],"wp:term":[{"taxonomy":"category","embeddable":true,"href":"https:\/\/www.messinaoggi.it\/website\/wp-json\/wp\/v2\/categories?post=25543"},{"taxonomy":"post_tag","embeddable":true,"href":"https:\/\/www.messinaoggi.it\/website\/wp-json\/wp\/v2\/tags?post=25543"}],"curies":[{"name":"wp","href":"https:\/\/api.w.org\/{rel}","templated":true}]}}