{"id":255421,"date":"2025-11-25T09:48:20","date_gmt":"2025-11-25T08:48:20","guid":{"rendered":"http:\/\/www.messinaoggi.it\/website\/?p=255421"},"modified":"2025-11-25T09:48:25","modified_gmt":"2025-11-25T08:48:25","slug":"unime-laurea-honoris-causa-a-paola-cortellesi","status":"publish","type":"post","link":"https:\/\/www.messinaoggi.it\/website\/2025\/11\/25\/unime-laurea-honoris-causa-a-paola-cortellesi\/","title":{"rendered":"UniMe, laurea honoris causa a Paola Cortellesi"},"content":{"rendered":"\n<p>L\u2019Universit\u00e0 di Messina si prepara a vivere una giornata di forte valore civile e istituzionale: il 27 novembre alle ore 10.30, nell\u2019Aula Magna del Rettorato, si terr\u00e0 il conferimento della Laurea Magistrale honoris causa in Giurisprudenza a Paola Cortellesi e, a seguire, l\u2019intitolazione del Cortile del Rettorato a Lorena Quaranta e Sara Campanella, due studentesse dell\u2019Ateneo vittime di femminicidio.<div id=\"div-gpt-ad-Messinaoggi.it-DSK-300x250-corpoart\" style=\"text-align:center;margin:0 auto;\"><\/div><\/p>\n\n\n\n<p>La decisione di intitolare il Cortile, gi\u00e0 annunciata dalla Rettrice, prof.ssa Giovanna Spatari, nel corso della Cerimonia di conferimento della laurea alla memoria a Sara Campanella, trasforma uno degli spazi pi\u00f9 rappresentativi dell\u2019Ateneo in un luogo permanente di riflessione e responsabilit\u00e0 collettiva. La dedica intende custodire il ricordo di due giovani donne il cui percorso universitario, interrotto tragicamente, continua a testimoniare valori di impegno, tenacia e aspirazione alla conoscenza.<div id=\"videoincontent\" style=\"clear:both\";><\/div><\/p>\n\n\n\n<p>Il conferimento della Laurea honoris causa a Paola Cortellesi nasce dalla volont\u00e0 del Dipartimento di Giurisprudenza di riconoscere l\u2019impatto civile e culturale del suo lavoro. Con il film \u201cC\u2019\u00e8 ancora domani\u201d, l\u2019artista ha affrontato con straordinaria sensibilit\u00e0 temi centrali della storia repubblicana e dell\u2019emancipazione femminile, mostrando come il linguaggio cinematografico possa incidere sulla consapevolezza giuridica e sociale, contribuendo alla formazione della coscienza collettiva.<\/p>\n\n\n\n<p>Il legame tra memoria, giustizia, cultura e formazione che caratterizzer\u00e0 la giornata del 27 novembre rappresenta in modo concreto la missione dell\u2019Universit\u00e0 di Messina: educare alla responsabilit\u00e0, valorizzare il pensiero critico e promuovere una comunit\u00e0 consapevole e inclusiva.<\/p>\n","protected":false},"excerpt":{"rendered":"<p>L\u2019Universit\u00e0 di Messina si prepara a vivere una giornata di forte valore civile e istituzionale: il 27 novembre alle ore 10.30, nell\u2019Aula Magna del Rettorato, si terr\u00e0 il conferimento della Laurea Magistrale honoris causa in Giurisprudenza a Paola Cortellesi e, a seguire, l\u2019intitolazione del Cortile del Rettorato a Lorena Quaranta e Sara Campanella, due studentesse [&hellip;]<\/p>\n","protected":false},"author":2,"featured_media":10360,"comment_status":"open","ping_status":"open","sticky":false,"template":"","format":"standard","meta":{"ub_ctt_via":"","_mi_skip_tracking":false},"categories":[5],"tags":[10634,11908,612],"featured_image_src":"https:\/\/www.messinaoggi.it\/website\/wp-content\/uploads\/2017\/10\/universita-di-messinaRRP_1724.jpg","author_info":{"display_name":"Redazione","author_link":"https:\/\/www.messinaoggi.it\/website\/author\/redazione\/"},"digistream_id":0,"digistream":false,"_links":{"self":[{"href":"https:\/\/www.messinaoggi.it\/website\/wp-json\/wp\/v2\/posts\/255421"}],"collection":[{"href":"https:\/\/www.messinaoggi.it\/website\/wp-json\/wp\/v2\/posts"}],"about":[{"href":"https:\/\/www.messinaoggi.it\/website\/wp-json\/wp\/v2\/types\/post"}],"author":[{"embeddable":true,"href":"https:\/\/www.messinaoggi.it\/website\/wp-json\/wp\/v2\/users\/2"}],"replies":[{"embeddable":true,"href":"https:\/\/www.messinaoggi.it\/website\/wp-json\/wp\/v2\/comments?post=255421"}],"version-history":[{"count":1,"href":"https:\/\/www.messinaoggi.it\/website\/wp-json\/wp\/v2\/posts\/255421\/revisions"}],"predecessor-version":[{"id":255422,"href":"https:\/\/www.messinaoggi.it\/website\/wp-json\/wp\/v2\/posts\/255421\/revisions\/255422"}],"wp:featuredmedia":[{"embeddable":true,"href":"https:\/\/www.messinaoggi.it\/website\/wp-json\/wp\/v2\/media\/10360"}],"wp:attachment":[{"href":"https:\/\/www.messinaoggi.it\/website\/wp-json\/wp\/v2\/media?parent=255421"}],"wp:term":[{"taxonomy":"category","embeddable":true,"href":"https:\/\/www.messinaoggi.it\/website\/wp-json\/wp\/v2\/categories?post=255421"},{"taxonomy":"post_tag","embeddable":true,"href":"https:\/\/www.messinaoggi.it\/website\/wp-json\/wp\/v2\/tags?post=255421"}],"curies":[{"name":"wp","href":"https:\/\/api.w.org\/{rel}","templated":true}]}}