{"id":255301,"date":"2025-11-22T23:06:47","date_gmt":"2025-11-22T22:06:47","guid":{"rendered":"https:\/\/www.messinaoggi.it\/website\/2025\/11\/22\/cop30-approva-laccordo-no-riferimenti-a-combustibili-fossili\/"},"modified":"2025-11-22T23:06:47","modified_gmt":"2025-11-22T22:06:47","slug":"cop30-approva-laccordo-no-riferimenti-a-combustibili-fossili","status":"publish","type":"post","link":"https:\/\/www.messinaoggi.it\/website\/2025\/11\/22\/cop30-approva-laccordo-no-riferimenti-a-combustibili-fossili\/","title":{"rendered":"Cop30 approva l\u2019accordo, no riferimenti a combustibili fossili"},"content":{"rendered":"<div>BELEM (ITALPRESS) &#8211; Approvata la &#8220;Global Mutirao&#8221;, il documento finale della Cop30 di Belem promosso dalla presidenza brasiliana. Dopo lo stallo di ieri avvenuto a causa dell&#8217;assenza dei combustibili fossili nella bozza, ritenuta da molti al ribasso, e con lo slittamento dei lavori dovuto anche a causa dell&#8217;incendio all&#8217;interno della sede del vertice, i quasi 200 Paesi, assenti gli Usa, dopo due settimane di trattative hanno votato all&#8217;unanimit\u00e0 il testo. Nel testo approvato non c&#8217;\u00e8 il riferimento alle fonti fossili, nonostante l&#8217;Europa avesse chiesto maggiore coraggio per la loro eliminazione graduale. Il documento introduce nuovi spazi di trattativa per uno sforzo ulteriore sulle emissioni con il &#8220;Belem Mission to 1,5\u00b0&#8221;; il documento, inoltre, propone di triplicare la finanza per l&#8217;adattamento entro il 2035. Si tratta di un testo di compromesso che d\u00e0 una prima risposta in un contesto geopolitico non semplice. &#8220;I temi erano&#8221; diversi. &#8220;C&#8217;\u00e8 un tema politico con il mondo che \u00e8 cambiato tantissimo, anche solo rispetto a un anno fa, con un quadro di posizioni e di equilibri a livello internazionale che incidono fortemente su quelle che sono le posizioni politiche nell&#8217;ambito delle scelte climatiche&#8221;, afferma il ministro dell&#8217;Ambiente e della Sicurezza energetica, Gilberto Pichetto Fratin, a margine del voto in plenaria.  <br \/>&#8220;L&#8217;assenza degli Stati Uniti ha un significato, la posizione di alcuni gruppi, anche legate all&#8217;assenza degli Usa pu\u00f2 avere un significato. Poi c&#8217;\u00e8 stata la discussione di merito che ci ha portati ad avere vari obiettivi. L&#8217;Unione europea \u00e8 sempre stata la pi\u00f9 ambiziosa &#8211; spiega &#8211; ma pu\u00f2 definirsi soddisfatta. Abbiamo fatto 20 riunioni di coordinamento con posizioni anche articolate perch\u00e8 siamo Paesi diversi e con guide politiche anche diverse, ma alla fine abbiamo supportato quella che \u00e8 la proposta finale, alla quale abbiamo contribuito, e lo abbiamo fatto perch\u00e8 mantiene quello che era il percorso gi\u00e0 approvato nelle Cop precedenti e quindi mantiene l&#8217;obiettivo&#8221;, assicura. <br \/>-foto xb1\/Italpress-<br \/>(ITALPRESS).<\/div>\n<div id=\"div-gpt-ad-Messinaoggi.it-DSK-300x250-corpoart\" style=\"text-align:center;margin:0 auto;\"><\/div><\/p><div id=\"videoincontent\" style=\"clear:both\";><\/div>","protected":false},"excerpt":{"rendered":"<p>BELEM (ITALPRESS) &#8211; Approvata la &#8220;Global Mutirao&#8221;, il documento finale della Cop30 di Belem promosso dalla presidenza brasiliana. Dopo lo stallo di ieri avvenuto a causa dell&#8217;assenza dei combustibili fossili nella bozza, ritenuta da molti al ribasso, e con lo slittamento dei lavori dovuto anche a causa dell&#8217;incendio all&#8217;interno della sede del vertice, i quasi [&hellip;]<\/p>\n","protected":false},"author":18,"featured_media":255302,"comment_status":"closed","ping_status":"closed","sticky":false,"template":"","format":"standard","meta":{"ub_ctt_via":"","_mi_skip_tracking":false},"categories":[446],"tags":[783],"featured_image_src":"https:\/\/www.messinaoggi.it\/website\/wp-content\/uploads\/2025\/11\/20251122_1607.jpg","author_info":{"display_name":"Admin","author_link":"https:\/\/www.messinaoggi.it\/website\/author\/admin\/"},"digistream_id":0,"digistream":false,"_links":{"self":[{"href":"https:\/\/www.messinaoggi.it\/website\/wp-json\/wp\/v2\/posts\/255301"}],"collection":[{"href":"https:\/\/www.messinaoggi.it\/website\/wp-json\/wp\/v2\/posts"}],"about":[{"href":"https:\/\/www.messinaoggi.it\/website\/wp-json\/wp\/v2\/types\/post"}],"author":[{"embeddable":true,"href":"https:\/\/www.messinaoggi.it\/website\/wp-json\/wp\/v2\/users\/18"}],"replies":[{"embeddable":true,"href":"https:\/\/www.messinaoggi.it\/website\/wp-json\/wp\/v2\/comments?post=255301"}],"version-history":[{"count":0,"href":"https:\/\/www.messinaoggi.it\/website\/wp-json\/wp\/v2\/posts\/255301\/revisions"}],"wp:featuredmedia":[{"embeddable":true,"href":"https:\/\/www.messinaoggi.it\/website\/wp-json\/wp\/v2\/media\/255302"}],"wp:attachment":[{"href":"https:\/\/www.messinaoggi.it\/website\/wp-json\/wp\/v2\/media?parent=255301"}],"wp:term":[{"taxonomy":"category","embeddable":true,"href":"https:\/\/www.messinaoggi.it\/website\/wp-json\/wp\/v2\/categories?post=255301"},{"taxonomy":"post_tag","embeddable":true,"href":"https:\/\/www.messinaoggi.it\/website\/wp-json\/wp\/v2\/tags?post=255301"}],"curies":[{"name":"wp","href":"https:\/\/api.w.org\/{rel}","templated":true}]}}