{"id":255281,"date":"2025-11-22T19:06:46","date_gmt":"2025-11-22T18:06:46","guid":{"rendered":"https:\/\/www.messinaoggi.it\/website\/2025\/11\/22\/gasperini-pochi-sogni-si-avverano-ma-la-roma-non-e-in-testa-per-caso\/"},"modified":"2025-11-22T19:06:46","modified_gmt":"2025-11-22T18:06:46","slug":"gasperini-pochi-sogni-si-avverano-ma-la-roma-non-e-in-testa-per-caso","status":"publish","type":"post","link":"https:\/\/www.messinaoggi.it\/website\/2025\/11\/22\/gasperini-pochi-sogni-si-avverano-ma-la-roma-non-e-in-testa-per-caso\/","title":{"rendered":"Gasperini \u201cPochi sogni si avverano ma la Roma non \u00e8 in testa per caso\u201d"},"content":{"rendered":"<div>ROMA (ITALPRESS) &#8211; <em>&#8220;Primato frutto del caso? Di casuale non c&#8217;\u00e8 nulla, il caso pu\u00f2 esserci dopo pochissime partite. Dopo undici giornate significa qualcosa, sicuramente dopo il girone di andata la classifica sar\u00e0 pi\u00f9 veritiera, ma quel che conta \u00e8 solo la fine&#8221;<\/em>. Parola di <strong>Gian Piero Gasperini<\/strong>, allenatore della Roma capolista (24 punti, al pari dell&#8217;Inter), alla vigilia del match contro la<strong> Cremonese,<\/strong> in programma domenica alle 15 allo &#8216;Zin\u00ec. Nella Capitale c&#8217;\u00e8 voglia di difendere la vetta, anche se per ora lo Scudetto rimane nel novero dei sogni pi\u00f9 che in quello degli obiettivi: &#8220;<em>I miracoli non li fa nessuno. Bisogna solo lavorare: dico che si \u00e8 liberi di sognare, ma i sogni che si avverano sono rarissimi. Ci si ricorda solo degli incubi o dei sogni molto belli. Questo \u00e8 uno di quelli belli. Ma \u00e8 presto, abbiamo appena iniziato&#8221;.<\/em><div id=\"div-gpt-ad-Messinaoggi.it-DSK-300x250-corpoart\" style=\"text-align:center;margin:0 auto;\"><\/div><\/p>\n<p>I margini di miglioramento per questa Roma ci sono e non sono pochi: <em>&#8220;La strada tracciata \u00e8 molto buona e c&#8217;\u00e8 la sensazione che la squadra sia cresciuta sul piano tecnico. Questa \u00e8 la base. Stiamo facendo giocate migliori rispetto a qualche settimana fa e c&#8217;\u00e8 una coralit\u00e0 di gioco superiore. I margini di miglioramento ci sono sempre, sono infiniti, li hanno anche le squadre top. Si lavora per quello&#8221;.<\/em><div id=\"videoincontent\" style=\"clear:both\";><\/div><\/p>\n<p>Domani allo &#8216;Zin\u00ec Gasperini dovr\u00e0 fare i conti con le assenze. L&#8217;ultimo ad aggiungersi alla lista \u00e8 Hermoso, che ha accusato un fastidio ieri, mentre Ferguson \u00e8 recuperato ma <em>&#8220;non sta benissimo, ha ancora un po&#8217; di dolore a calciare e colpire la palla. Un po&#8217; questo lo limita, ma ha grande volont\u00e0 e durante la partita i piccoli acciacchi possono essere superati&#8221;.<\/em><\/p>\n<p>Ci vorr\u00e0 pi\u00f9 tempo per gli altri assenti:<em> &#8220;Angelino ha ricominciato a lavorare in modo individuale e sta facendo buoni allenamenti. E&#8217; una situazione che dipende dai medici. Dybala e Bailey sono avanti, ma abbiamo bisogno del placet<\/em>&#8220;.<\/p>\n<p>C&#8217;\u00e8 spazio anche per un commento all&#8217;ipotesi di uno stop dei campionati proposto dal ct della <strong>Turchia, Vincenzo Montella<\/strong>, per favorire la preparazione dei playoff mondiali: <em>&#8220;Perennemente si discute della riorganizzazione dei campionati e delle nazionali. Uno stop a met\u00e0 campionato non mi piace, ma dedicare un tempo alle nazionali e concentrarlo in quel periodo forse s\u00ec&#8221;.<br \/>\n<\/em><br \/>\n&#8211; foto Ipa Agency &#8211;<br \/>\n(ITALPRESS).<\/div>\n","protected":false},"excerpt":{"rendered":"<p>ROMA (ITALPRESS) &#8211; &#8220;Primato frutto del caso? Di casuale non c&#8217;\u00e8 nulla, il caso pu\u00f2 esserci dopo pochissime partite. Dopo undici giornate significa qualcosa, sicuramente dopo il girone di andata la classifica sar\u00e0 pi\u00f9 veritiera, ma quel che conta \u00e8 solo la fine&#8221;. Parola di Gian Piero Gasperini, allenatore della Roma capolista (24 punti, al [&hellip;]<\/p>\n","protected":false},"author":18,"featured_media":255282,"comment_status":"closed","ping_status":"closed","sticky":false,"template":"","format":"standard","meta":{"ub_ctt_via":"","_mi_skip_tracking":false},"categories":[446],"tags":[783],"featured_image_src":"https:\/\/www.messinaoggi.it\/website\/wp-content\/uploads\/2025\/11\/20251122_0893.jpg","author_info":{"display_name":"Admin","author_link":"https:\/\/www.messinaoggi.it\/website\/author\/admin\/"},"digistream_id":0,"digistream":false,"_links":{"self":[{"href":"https:\/\/www.messinaoggi.it\/website\/wp-json\/wp\/v2\/posts\/255281"}],"collection":[{"href":"https:\/\/www.messinaoggi.it\/website\/wp-json\/wp\/v2\/posts"}],"about":[{"href":"https:\/\/www.messinaoggi.it\/website\/wp-json\/wp\/v2\/types\/post"}],"author":[{"embeddable":true,"href":"https:\/\/www.messinaoggi.it\/website\/wp-json\/wp\/v2\/users\/18"}],"replies":[{"embeddable":true,"href":"https:\/\/www.messinaoggi.it\/website\/wp-json\/wp\/v2\/comments?post=255281"}],"version-history":[{"count":0,"href":"https:\/\/www.messinaoggi.it\/website\/wp-json\/wp\/v2\/posts\/255281\/revisions"}],"wp:featuredmedia":[{"embeddable":true,"href":"https:\/\/www.messinaoggi.it\/website\/wp-json\/wp\/v2\/media\/255282"}],"wp:attachment":[{"href":"https:\/\/www.messinaoggi.it\/website\/wp-json\/wp\/v2\/media?parent=255281"}],"wp:term":[{"taxonomy":"category","embeddable":true,"href":"https:\/\/www.messinaoggi.it\/website\/wp-json\/wp\/v2\/categories?post=255281"},{"taxonomy":"post_tag","embeddable":true,"href":"https:\/\/www.messinaoggi.it\/website\/wp-json\/wp\/v2\/tags?post=255281"}],"curies":[{"name":"wp","href":"https:\/\/api.w.org\/{rel}","templated":true}]}}