{"id":255279,"date":"2025-11-22T19:06:43","date_gmt":"2025-11-22T18:06:43","guid":{"rendered":"https:\/\/www.messinaoggi.it\/website\/2025\/11\/22\/chivu-il-derby-inter-milan-e-storia-non-ci-sono-favoriti\/"},"modified":"2025-11-22T19:06:43","modified_gmt":"2025-11-22T18:06:43","slug":"chivu-il-derby-inter-milan-e-storia-non-ci-sono-favoriti","status":"publish","type":"post","link":"https:\/\/www.messinaoggi.it\/website\/2025\/11\/22\/chivu-il-derby-inter-milan-e-storia-non-ci-sono-favoriti\/","title":{"rendered":"Chivu \u201cIl derby Inter-Milan \u00e8 storia, non ci sono favoriti\u201d"},"content":{"rendered":"<div>MILANO (ITALPRESS) &#8211;<em> &#8220;La classifica \u00e8 corta ed \u00e8 presto, ma i tre punti dobbiamo provare sempre a prenderli, a prescindere dall&#8217;avversaria&#8221;.<\/em> Cos\u00ec Cristian <strong>Chivu,<\/strong> allenatore dell&#8217;<strong>Inter,<\/strong> in conferenza stampa in vista della sfida contro il <strong>Milan,<\/strong> in programma a San Siro domani alle 20.45.<em> &#8220;Il derby \u00e8 diverso perch\u00e8 \u00e8 bello, per la storia, per la tradizione, per la rivalit\u00e0<\/em> &#8211; ha aggiunto l&#8217;allenatore rumeno -.<em> Ma si tratta sempre di una partita e bisogna prepararla al meglio come sempre. Capiamo cosa rappresenta per i nostri tifosi e lo stesso vale per il Milan. Ci tengono ad avere un luned\u00ec sereno, a non subire lo sfott\u00f2 dell&#8217;amico. E per questo \u00e8 bella questa partita. Sappiamo cosa vogliamo fare e che il mondo intero ci guarda<\/em>&#8220;. Il tecnico nerazzurro sa bene cosa rappresenta questa partita per piazza, ambiente e tifosi:<em> &#8220;Spero solo che sar\u00e0 una gara bella e divertente. Per fortuna l&#8217;ho gi\u00e0 vissuta da giocatore. So come si vive la settimana, ma anche la serata e la giornata stessa. Ci guardano in tutto il mondo. Dovremo essere spensierati con l&#8217;atteggiamento giusto&#8221;<\/em>. E ancora:<em> &#8220;Nei derby non esistono favorite, si parte 50 e 50<\/em> &#8211; ha sottolineato Chivu -.<em> Serve sfruttare e capire i momenti, portando gli episodi dalla tua parte e correre di pi\u00f9&#8221;.<\/em><div id=\"div-gpt-ad-Messinaoggi.it-DSK-300x250-corpoart\" style=\"text-align:center;margin:0 auto;\"><\/div><\/p>\n<p>Chivu si \u00e8 anche soffermato sui rossoneri di Allegri: <em>&#8220;Conosciamo la loro qualit\u00e0, hanno giocatori letali con qualit\u00e0 e velocit\u00e0. Sappiamo che Max \u00e8 un vincente, lo dice la sua carriera. Vedo un Milan diverso da quando c&#8217;\u00e8 lui e mi aspetto qualcosa di diverso da parte loro. Dovremo essere preparati, attenti e disponibili a fare qualcosa in pi\u00f9 anche dal punto di vista mentale. Dovremo saper soffrire e non perdere equilibrio. Il campionato italiano \u00e8 sempre il pi\u00f9 bello, quello pi\u00f9 preparato dal punto di vista tattico&#8221;<\/em>. Su Thuram: <em>&#8220;Sta bene, non \u00e8 andato in Nazionale. Aveva bisogno di qualche allenamento in pi\u00f9. Sar\u00e0 titolare? Io non faccio il fantacalcio&#8230;&#8221;.<\/em> Infine, sugli altri: &#8220;Stanno tutti bene, a parte Dumfries. Domani non ci sar\u00e0&#8221;, ha concluso Chivu.<div id=\"videoincontent\" style=\"clear:both\";><\/div><\/p>\n<p>&#8211; Foto: Ipa Agency &#8211;<\/p>\n<p>(ITALPRESS).<\/p><\/div>\n","protected":false},"excerpt":{"rendered":"<p>MILANO (ITALPRESS) &#8211; &#8220;La classifica \u00e8 corta ed \u00e8 presto, ma i tre punti dobbiamo provare sempre a prenderli, a prescindere dall&#8217;avversaria&#8221;. Cos\u00ec Cristian Chivu, allenatore dell&#8217;Inter, in conferenza stampa in vista della sfida contro il Milan, in programma a San Siro domani alle 20.45. &#8220;Il derby \u00e8 diverso perch\u00e8 \u00e8 bello, per la storia, [&hellip;]<\/p>\n","protected":false},"author":18,"featured_media":255280,"comment_status":"closed","ping_status":"closed","sticky":false,"template":"","format":"standard","meta":{"ub_ctt_via":"","_mi_skip_tracking":false},"categories":[446],"tags":[783],"featured_image_src":"https:\/\/www.messinaoggi.it\/website\/wp-content\/uploads\/2025\/11\/20251122_0880.jpg","author_info":{"display_name":"Admin","author_link":"https:\/\/www.messinaoggi.it\/website\/author\/admin\/"},"digistream_id":0,"digistream":false,"_links":{"self":[{"href":"https:\/\/www.messinaoggi.it\/website\/wp-json\/wp\/v2\/posts\/255279"}],"collection":[{"href":"https:\/\/www.messinaoggi.it\/website\/wp-json\/wp\/v2\/posts"}],"about":[{"href":"https:\/\/www.messinaoggi.it\/website\/wp-json\/wp\/v2\/types\/post"}],"author":[{"embeddable":true,"href":"https:\/\/www.messinaoggi.it\/website\/wp-json\/wp\/v2\/users\/18"}],"replies":[{"embeddable":true,"href":"https:\/\/www.messinaoggi.it\/website\/wp-json\/wp\/v2\/comments?post=255279"}],"version-history":[{"count":0,"href":"https:\/\/www.messinaoggi.it\/website\/wp-json\/wp\/v2\/posts\/255279\/revisions"}],"wp:featuredmedia":[{"embeddable":true,"href":"https:\/\/www.messinaoggi.it\/website\/wp-json\/wp\/v2\/media\/255280"}],"wp:attachment":[{"href":"https:\/\/www.messinaoggi.it\/website\/wp-json\/wp\/v2\/media?parent=255279"}],"wp:term":[{"taxonomy":"category","embeddable":true,"href":"https:\/\/www.messinaoggi.it\/website\/wp-json\/wp\/v2\/categories?post=255279"},{"taxonomy":"post_tag","embeddable":true,"href":"https:\/\/www.messinaoggi.it\/website\/wp-json\/wp\/v2\/tags?post=255279"}],"curies":[{"name":"wp","href":"https:\/\/api.w.org\/{rel}","templated":true}]}}