{"id":255259,"date":"2025-11-22T15:02:55","date_gmt":"2025-11-22T14:02:55","guid":{"rendered":"http:\/\/www.messinaoggi.it\/website\/?p=255259"},"modified":"2025-11-22T15:02:56","modified_gmt":"2025-11-22T14:02:56","slug":"giornate-fai-per-le-scuole-si-parte-da-lunedi","status":"publish","type":"post","link":"https:\/\/www.messinaoggi.it\/website\/2025\/11\/22\/giornate-fai-per-le-scuole-si-parte-da-lunedi\/","title":{"rendered":"Giornate FAI per le scuole, si parte da luned\u00ec"},"content":{"rendered":"\n<p>Tornano da luned\u00ec 24 a sabato 29 novembre, le GIORNATE FAI PER LE SCUOLE, oltre 200 luoghi in tutta Italia saranno visitabili e verranno raccontati agli studenti dagli studenti, gli Apprendisti Ciceroni. Un progetto di educazione tra pari per le classi di ogni ordine e grado, un\u2019esperienza formativa unica per conoscere e amare il proprio territorio.  <div id=\"div-gpt-ad-Messinaoggi.it-DSK-300x250-corpoart\" style=\"text-align:center;margin:0 auto;\"><\/div><\/p>\n\n\n\n<p>Saranno oltre 500 gli studenti appartenenti a 17 istituzioni scolastiche di Messina e Provincia, che illustreranno ai loro coetanei la storia e l\u2019importanza di chiese, palazzi, fontane, giardini storici, borghi, monumenti e istituzioni della nostra citt\u00e0 e della provincia.     <div id=\"videoincontent\" style=\"clear:both\";><\/div><\/p>\n\n\n\n<p>Alla conferenza stampa hanno partecipato, l\u2019assessore alla cultura della Citt\u00e0 di Messina, <strong>Enzo Caruso<\/strong>, per il dirigente dell\u2019Ufficio Scolastico Regionale Ambito Territoriale di Messina, <strong>Giovanni Pasto<\/strong>. Presenti anche <strong>Giovanna Fam\u00e0<\/strong>, dirigente del Museo Regionale di Messina, <strong>Davide Siracusano<\/strong>, Presidente della seconda municipalit\u00e0 e diversi dirigenti e docenti degli Istituzioni Scolastiche che cureranno le aperture.      <\/p>\n\n\n\n<p><strong>Nico Pandolfino<\/strong>, capo Delegazione FAI di Messina ha ribadito: <\/p>\n\n\n\n<p>\u201cDal 1975 il FAI persegue con dedizione e passione la missione di tutela e valorizzazione del patrimonio ambientale culturale e paesaggistico del nostro Paese. CURA, EDUCA E VIGILA sono le tre chiavi di questa missione.    Ci prendiamo cura di luoghi speciali, tutelandoli e valorizzandoli per le generazioni presenti e future. Sorvegliare la tutela dei beni ambientali, paesaggistici e culturali, agendo nello spirito dell&#8217;articolo 9 della Costituzione italiana.  Ma la parte pi\u00f9 emozionante \u00e8 senza alcun dubbio, promuovere l&#8217;educazione e la conoscenza dell&#8217;amore e della cura per il paesaggio e il patrimonio storico-artistico e lo facciamo con il progetto classe amica, con una esclusiva piattaforma che fornisce contenuti in linea con le direttive ministeriali che vanno dall\u2019educazione civica, alla conoscenza di alcune professionalit\u00e0 dell\u2019ambito dei beni culturali, fornendo esempi concreti di tutela, gestione, valorizzazione e promozione del patrimonio.    Vedere la sorpresa dei ragazzi durante i sopralluoghi, ascoltarli nel loro racconto, percepire una passione che cresce, \u00e8 qualcosa di molto speciale.     Desidero ringraziare tutti i delegati ed i volontari che quotidianamente supportano le tante attivit\u00e0, ed ancora i dirigenti, i docenti e gli studenti che saranno protagonisti di queste bellissime aperture.    <\/p>\n\n\n\n<p>L\u2019assessore alla Cultura della Citt\u00e0 di Messina, Enzo Caruso, nel corso del suo intervento ha evidenziato: <\/p>\n\n\n\n<p>\u201cEncomiabile ed instancabile l\u2019attivit\u00e0 della delegazione Fai di Messina, motivo di vanto per la nostra Citt\u00e0, non solo per le opportunit\u00e0 che offre con la riscoperta e la visita di tanti luoghi significativi e di interesse, ma soprattutto per l\u2019incessante opera didattica di coinvolgimento e informazione dei tanti studenti \u201cciceroni\u201d che, per \u201cinformare\u201d, sono indotti trasversalmente ad \u201capprendere\u201d. Un valido modo di educare i giovani alla partecipazione e alla cittadinanza attiva.    <\/p>\n\n\n\n<p>Giovanni Pasto, presente per l\u2019Ufficio Scolastico Regionale Ambito Territoriale di Messina, con grande gioia, ha invitato a partecipare alle Giornate FAI d\u2019Autunno 2025. \u201cSi tratta di un\u2019occasione preziosa per scoprire luoghi spesso poco conosciuti, ascoltare storie che attraversano il tempo e vivere da vicino la bellezza del nostro patrimonio culturale e artistico. Le visite guidate curate dagli studenti permetteranno di entrare in contatto con edifici storici, giardini, monumenti e siti che raccontano la storia delle nostre comunit\u00e0. Questa esperienza non \u00e8 solo un momento di scoperta, ma anche un\u2019opportunit\u00e0 per coltivare curiosit\u00e0, osservazione e rispetto verso ci\u00f2 che ci appartiene e che dobbiamo imparare a custodire. Ringrazio il FAI per l\u2019impegno e la dedizione nel promuovere la cultura e tutte le scuole che hanno aderito, rendendo possibile la partecipazione dei propri studenti. Sono certo che saranno giornate ricche di emozioni, di conoscenza e di stimoli preziosi, capace di rafforzare il senso di appartenenza alla nostra comunit\u00e0 e l\u2019amore per la bellezza del nostro Paese\u201d.   <\/p>\n\n\n\n<p>Giovanna Fam\u00e0, per il Museo Regionale di Messina, ha ribadito: \u201cIl museo accoglie sempre con grande entusiasmo le iniziative promosse dal Fai. Nelle giornate del 26 e 27 sar\u00e0 protagonista un sito di grande pregio e prestigio, la Villa De Pasquale di Contesse, residenza di una famiglia appartenente all\u2019alta borghesia industriale degli inizi del novecento con accanto la fabbrica, raro esempio di archeologia industriale. La partecipazione degli studenti valorizza la qualit\u00e0 dell\u2019evento. Un\u2019occasione importante per la citt\u00e0 condivisa da tutte le istituzioni coinvolte e promossa dal comune e quartiere di pertinenza\u201d.    <\/p>\n\n\n\n<p>Gli organizzatori ringraziano per la collaborazione: l\u2019Ufficio Scolastico Regionale \u2013 Ambito Territoriale di Messina, il Museo Regionale di Messina, la Camera di Commercio di Messina, la seconda Municipalit\u00e0 del Comune di Messina, l\u2019azienda Villar\u00e8, i referenti delle parrocchie e le associazioni Masci Scout e CISOM.    Un ringraziamento particolare ai dirigenti ed ai docenti delle seguenti scuole: IC \u201cVenetico\u201d, IC &#8221; Manzoni &#8211; Dina e Clarenza&#8221;, IC \u201dG.Leopardi\u201d, Liceo Linguistico Paritario \u201cS. V. Modica\u201d; IC \u201cSaponara\u201d; IC \u201cGiardini Naxos\u201d, IIS \u201cAntonello\u201d, IC \u201cG. Catalfamo\u201d; IC \u201cVillafranca\u201d, IC \u201cPascoli Crispi\u201d, IC \u201cGentiluomo \u2013 La Pira\u201d, IC \u201cS. Lucia del Mela\u201d, IC \u201cMazzini \u2013 Gallo\u201d, IC\u201dAl\u00ec Terme\u201d, IIS \u201cBorghese &#8211; Faranda Patti\u201d, IC \u201cTorregrotta e ITTL \u201cCaio Duilio\u201d        <\/p>\n\n\n\n<p>Questo il calendario delle aperture a Messina e provincia:   <\/p>\n\n\n\n<p>\u2022 Roccavaldina \u2013 Chiesa e Villa Cappuccini \u2013 luned\u00ec 24 dalle 09.30 alle 12.00 A cura dell\u2019IC Venetico (ME)   <\/p>\n\n\n\n<p>\u2022 Messina &#8211; Chiesa di S. Clemente &#8211; luned\u00ec 24 dalle 9.00 alle 12.00 e dalle 16.00 alle 17.30 A cura dell\u2019IC Manzoni \u2013 Dina e Clarenza di Messina  <\/p>\n\n\n\n<p>\u2022 Messina &#8211; La Noria di Minissale \u2013 marted\u00ec 25 e gioved\u00ec 27 dalle 9.00 alle 13.30 A cura dell\u2019IC Leopardi di Messina   <\/p>\n\n\n\n<p>\u2022 Messina \u2013 Giardini e Chiesa di Montalto &#8211; marted\u00ec 25 e gioved\u00ec 27 dalle 10.00 alle 13.00 A cura del Liceo Paritario Stelio Vitale Modica di Messina   <\/p>\n\n\n\n<p>\u2022 Rometta \u2013 Un giro nel borgo di Rometta centro \u2013 marted\u00ec 25 dalle 9.30 alle 12.30 A cura dell\u2019IC Saponara (ME)   <\/p>\n\n\n\n<p>\u2022 Giardini Naxos \u2013 Centro storico &#8211; marted\u00ec 25 e mercoled\u00ec 26 dalle 8.30 alle 13.30  A cura dell\u2019IC Giardini Naxos (Me)   <\/p>\n\n\n\n<p>\u2022 Gaggi \u2013 Antico borgo Cavallaro &#8211; marted\u00ec 25 dalle 8.30 alle 13.30 A cura dell\u2019IC Giardini Naxos (Me)   <\/p>\n\n\n\n<p>\u2022 Messina \u2013 Il Duomo &#8211; marted\u00ec 25 dalle 9.30 alle 12.30 A cura dell\u2019IIS Antonello di Messina  <\/p>\n\n\n\n<p>\u2022 Messina \u2013 L\u2019Antica Via del Dromo &#8211; mercoled\u00ec 26 e gioved\u00ec 27 dalle 09 alle 12.30 A cura dell\u2019IC Catalfamo di Messina   <\/p>\n\n\n\n<p>\u2022 Villafranca Tirrena \u2013 Santuario di Calvaruso &#8211; mercoled\u00ec 26 e gioved\u00ec 27 dalle 09 alle 12 A cura dell\u2019IC Villafranca Tirrena (Me)   <\/p>\n\n\n\n<p>\u2022 Messina &#8211; Chiesa di S. Francesco all\u2019Immacolata &#8211; mer 26 e ven 28 dalle 09 alle 12 A cura dell\u2019IC Pascoli Crispi di Messina   <\/p>\n\n\n\n<p>\u2022 Messina \u2013 L\u2019Acquedotto di Camaro e la Fontana di Orione \u2013 mer 26 dalle 10 alle 12.30 A cura dell\u2019IC Gentiluomo La Pira di Messina   <\/p>\n\n\n\n<p>\u2022 S. Lucia del Mela \u2013 Vivi il Centro Storico &#8211; \u2013 mercoled\u00ec 26 dalle 09.00 alle 14.00 A cura dell\u2019IC S. Lucia del Mela (Me)   <\/p>\n\n\n\n<p>\u2022 Saponara \u2013 Alla scoperta del borgo \u2013 gioved\u00ec 27 dalle 9.30 alle 12.30 A cura dell\u2019IC Saponara (ME)   <\/p>\n\n\n\n<p>\u2022 Messina &#8211; Duomo e Fontana Orione &#8211; gioved\u00ec 27 dalle 10.30 alle 12.30 A cura dell\u2019IC Mazzini \u2013 Gallo di Messina   <\/p>\n\n\n\n<p>\u2022 Nizza di Sicilia \u2013 Quartiere storico di Fiumarello &#8211; gioved\u00ec 27 dalle 9.30 alle 12.00 A cura dell\u2019IC Al\u00ec Terme (Me)   <\/p>\n\n\n\n<p>\u2022 Patti \u2013 Chiesa S.Ippolito, Casa S Febronia, Casa Nachera \u2013 ven 28 e sab 29  9.30 \/12.30 A cura dell\u2019IIS Borghese Faranda Patti (Me)   <\/p>\n\n\n\n<p>\u2022 Messina \u2013 Fontana del Nettuno &#8211; venerd\u00ec 28 e sabato 29 dalle 09 alle 12 A cura dell\u2019IC Pascoli Crispi di Messina   <\/p>\n\n\n\n<p>\u2022 Messina \u2013 Camera di Commercio &#8211; venerd\u00ec 28 dalle 09.00 alle 12.00 A cura dell\u2019IC Torregrotta (ME)   <\/p>\n\n\n\n<p>\u2022 Messina \u2013 Albero maestro e Planetario del Nautico &#8211; ven 28 dalle 9 alle 13 e dalle 15 alle 17  A cura dell\u2019ITTL Caio Duilio di Messina     <\/p>\n\n\n\n<p>Per approfondire riguardo le aperture \u00e8 possibile consultare il seguente link:    https:\/\/fondoambiente.it\/il-fai\/grandi-campagne\/giornate-fai-per-le-scuole\/i-luoghi-aperti?search=Messina      <\/p>\n","protected":false},"excerpt":{"rendered":"<p>Tornano da luned\u00ec 24 a sabato 29 novembre, le GIORNATE FAI PER LE SCUOLE, oltre 200 luoghi in tutta Italia saranno visitabili e verranno raccontati agli studenti dagli studenti, gli Apprendisti Ciceroni. Un progetto di educazione tra pari per le classi di ogni ordine e grado, un\u2019esperienza formativa unica per conoscere e amare il proprio [&hellip;]<\/p>\n","protected":false},"author":15,"featured_media":255263,"comment_status":"open","ping_status":"open","sticky":false,"template":"","format":"standard","meta":{"ub_ctt_via":"","_mi_skip_tracking":false},"categories":[16,6],"tags":[10857,10564,1145],"featured_image_src":"https:\/\/www.messinaoggi.it\/website\/wp-content\/uploads\/2025\/11\/IMG-20251121-WA0021.jpg","author_info":{"display_name":"red.me","author_link":"https:\/\/www.messinaoggi.it\/website\/author\/red-me\/"},"digistream_id":0,"digistream":false,"_links":{"self":[{"href":"https:\/\/www.messinaoggi.it\/website\/wp-json\/wp\/v2\/posts\/255259"}],"collection":[{"href":"https:\/\/www.messinaoggi.it\/website\/wp-json\/wp\/v2\/posts"}],"about":[{"href":"https:\/\/www.messinaoggi.it\/website\/wp-json\/wp\/v2\/types\/post"}],"author":[{"embeddable":true,"href":"https:\/\/www.messinaoggi.it\/website\/wp-json\/wp\/v2\/users\/15"}],"replies":[{"embeddable":true,"href":"https:\/\/www.messinaoggi.it\/website\/wp-json\/wp\/v2\/comments?post=255259"}],"version-history":[{"count":3,"href":"https:\/\/www.messinaoggi.it\/website\/wp-json\/wp\/v2\/posts\/255259\/revisions"}],"predecessor-version":[{"id":255262,"href":"https:\/\/www.messinaoggi.it\/website\/wp-json\/wp\/v2\/posts\/255259\/revisions\/255262"}],"wp:featuredmedia":[{"embeddable":true,"href":"https:\/\/www.messinaoggi.it\/website\/wp-json\/wp\/v2\/media\/255263"}],"wp:attachment":[{"href":"https:\/\/www.messinaoggi.it\/website\/wp-json\/wp\/v2\/media?parent=255259"}],"wp:term":[{"taxonomy":"category","embeddable":true,"href":"https:\/\/www.messinaoggi.it\/website\/wp-json\/wp\/v2\/categories?post=255259"},{"taxonomy":"post_tag","embeddable":true,"href":"https:\/\/www.messinaoggi.it\/website\/wp-json\/wp\/v2\/tags?post=255259"}],"curies":[{"name":"wp","href":"https:\/\/api.w.org\/{rel}","templated":true}]}}