{"id":255221,"date":"2025-11-21T18:06:41","date_gmt":"2025-11-21T17:06:41","guid":{"rendered":"https:\/\/www.messinaoggi.it\/website\/2025\/11\/21\/forum-della-distribuzione-moderna-focus-sulle-trasformazioni-del-ruolo-del-retail\/"},"modified":"2025-11-21T18:06:41","modified_gmt":"2025-11-21T17:06:41","slug":"forum-della-distribuzione-moderna-focus-sulle-trasformazioni-del-ruolo-del-retail","status":"publish","type":"post","link":"https:\/\/www.messinaoggi.it\/website\/2025\/11\/21\/forum-della-distribuzione-moderna-focus-sulle-trasformazioni-del-ruolo-del-retail\/","title":{"rendered":"Forum della Distribuzione Moderna, focus sulle trasformazioni del ruolo del retail"},"content":{"rendered":"<div>MILANO (ITALPRESS) &#8211; In uno scenario caratterizzato dall&#8217;incertezza, dai cambiamenti sociali e demografici, dalle innovazioni tecnologiche e dalle nuove sfide che derivano dal mutevole contesto internazionale, il retail moderno affronta continue trasformazioni, mantenendo un ruolo importante per le persone, i territori e l&#8217;economia del Paese. Questi temi sono al centro del primo &#8220;Forum della Distribuzione Moderna 2025 &#8211; Il retail nell&#8217;economia del Paese. Mercati, tecnologia e societ\u00e0&#8221; che si \u00e8 svolto oggi a Milano, organizzato da Federdistribuzione, aperto da un messaggio del Presidente del Consiglio Giorgia Meloni, e che ha visto la partecipazione di Adolfo Urso, Ministro delle Imprese e del Made in Italy.<br \/>Il programma dei lavori si \u00e8 aperto con la relazione del Presidente di Federdistribuzione Carlo Alberto Buttarelli, che ha sottolineato il ruolo economico e sociale del retail moderno: &#8220;Le imprese della Distribuzione Moderna operano sui territori, sono un presidio della prossimit\u00e0 con le comunit\u00e0 locali, garantiscono accessibilit\u00e0 e qualit\u00e0. Nei nostri punti vendita vediamo ogni giorno come cambiano i bisogni delle persone e le abitudini di acquisto, cos\u00ec come percepiamo l&#8217;effetto dell&#8217;incertezza che deriva dal contesto economico e globale. Lo spirito di servizio che contraddistingue il nostro settore &#8211; ha aggiunto &#8211; va quindi di pari passo con lo sguardo alle trasformazioni che abbiamo davanti e che oggi, con i relatori intervenuti al Forum della Distribuzione Moderna abbiamo messo al centro del confronto. La complessit\u00e0 delle dinamiche che governano il lavoro delle nostre imprese richiede ascolto, comprensione e, soprattutto, concretezza, che si traduce anche nella necessit\u00e0 di un quadro normativo stabile. Sostenere le imprese del retail significa tenere vivo il tessuto economico del Paese. Favorire la capacit\u00e0 di fare investimenti per cogliere le opportunit\u00e0 di sviluppo, derivanti anche dall&#8217;evoluzione delle tecnologie, vuol dire contribuire alla crescita economica. Il futuro del settore \u00e8 quindi un impegno anche per il lavoro di Federdistribuzione, la casa del retail moderno, per contribuire a rappresentare sempre al meglio le necessit\u00e0 delle imprese&#8221;.<br \/>Il Forum, moderato da Andrea Bignami, giornalista di SkyTg24, ha ospitato il panel &#8220;Il tempo delle interdipendenze: sfide geopolitiche, mercati e nuovi equilibri globali&#8221; con Lucrezia Reichlin, Professoressa ordinaria di economia presso la London Business School e Nathalie Tocci, Direttrice dell&#8217;Istituto Affari Internazionali. Un confronto sulle dinamiche internazionali, economiche e geopolitiche, per approfondirne gli effetti sulle catene globali del valore, sulle dinamiche del commercio internazionale e sull&#8217;economia italiana, con un focus sul ruolo dell&#8217;Europa e del nostro Paese alla luce dei nuovi poli mondiali di influenza economica e tecnologica.<br \/>Nel corso del suo intervento, Giorgio De Rita, Segretario Generale del Censis, ha presentato la ricerca &#8220;L&#8217;evoluzione della societ\u00e0 italiana: tendenze e prospettive del retail moderno&#8221;. Gli eventi globali influenzano la vita quotidiana degli italiani, generando incertezza e prudenza nella gestione del reddito. In risposta, cresce la ricerca della microfelicit\u00e0 quotidiana, momenti di benessere legati al tempo per s\u00e8, alle relazioni e ad attivit\u00e0 gratificanti. Questo si traduce in un ribaltamento della gerarchia dei valori e in una nuova interpretazione sociale del consumo: prevale la qualit\u00e0 sulle quantit\u00e0 e i consumi diventano strumenti per generare soddisfazione personale e relazionale. I dati confermano questa tendenza: l&#8217;83,9% degli italiani acquista prodotti coerenti con i propri valori, il 75,5% privilegia prodotti sostenibili, il 56,4% si premia con acquisti dopo una giornata intensa, e il 70,6% evita acquisti impulsivi.<br \/>Sul piano sociodemografico &#8211; ha aggiunto &#8211; l&#8217;Italia affronta l&#8217;invecchiamento della popolazione e un aumento delle persone che vivono da sole. Uno scenario che accresce il bisogno di relazioni e di prossimit\u00e0, valorizzando i negozi fisici come hub di socializzazione: il 69,3% degli italiani considera lo shopping un&#8217;occasione per svagarsi, il 62,7% apprezza il personale disponibile e il 38% desidera spazi dedicati alla socializzazione. Inoltre, in uno scenario sempre pi\u00f9 caratterizzato dalle nuove tecnologie e dall&#8217;intelligenza artificiale si sta consolidando la figura di un consumatore sempre pi\u00f9 &#8220;sfidante&#8221; per il settore del retail.<br \/>Lo sguardo sul futuro dell&#8217;innovazione \u00e8 stato al centro della relazione &#8220;Leadership nell&#8217;era digitale: innovazione, intelligenza artificiale e nuove rotte per l&#8217;impresa&#8221; di Alec Ross, Distinguished Professor della Bologna Business School. <br \/>Al centro, l&#8217;impatto delle tecnologie trasformative sui modelli operativi delle imprese, la nuova leadership richiesta per affrontare il cambiamento attuale e l&#8217;impatto dell&#8217;intelligenza artificiale sulla competitivit\u00e0 delle imprese, che offre opportunit\u00e0 anche per il retail moderno. Su questa prospettiva anche la tavola rotonda &#8220;Cultura digitale e persone: quale futuro per il negozio fisico?&#8221; che ha visto la partecipazione di Fausto Caprini, Founder di Retex, Daniele Grassucci, Direttore e Co-Founder di Skuola.Net e Christina Lundari, Country Manager, TikTok Global Business Solutions, Italy &amp; Greece. Un confronto per parlare del futuro del punto vendita, anche come luogo di relazione, alla luce dei cambiamenti tecnologici e generazionali in corso, degli effetti della cultura digitale nell&#8217;esperienza di consumo e di come sta cambiando la relazione tra imprese del retail e consumi dal punto di vista delle nuove generazioni.<div id=\"div-gpt-ad-Messinaoggi.it-DSK-300x250-corpoart\" style=\"text-align:center;margin:0 auto;\"><\/div><\/p>\n<p>&#8211; foto ufficio stampa Federdistribuzione &#8211;<br \/>(ITALPRESS).<\/div>\n<div id=\"videoincontent\" style=\"clear:both\";><\/div>","protected":false},"excerpt":{"rendered":"<p>MILANO (ITALPRESS) &#8211; In uno scenario caratterizzato dall&#8217;incertezza, dai cambiamenti sociali e demografici, dalle innovazioni tecnologiche e dalle nuove sfide che derivano dal mutevole contesto internazionale, il retail moderno affronta continue trasformazioni, mantenendo un ruolo importante per le persone, i territori e l&#8217;economia del Paese. Questi temi sono al centro del primo &#8220;Forum della Distribuzione [&hellip;]<\/p>\n","protected":false},"author":18,"featured_media":255222,"comment_status":"closed","ping_status":"closed","sticky":false,"template":"","format":"standard","meta":{"ub_ctt_via":"","_mi_skip_tracking":false},"categories":[446],"tags":[783],"featured_image_src":"https:\/\/www.messinaoggi.it\/website\/wp-content\/uploads\/2025\/11\/20251121_0996.jpg","author_info":{"display_name":"Admin","author_link":"https:\/\/www.messinaoggi.it\/website\/author\/admin\/"},"digistream_id":0,"digistream":false,"_links":{"self":[{"href":"https:\/\/www.messinaoggi.it\/website\/wp-json\/wp\/v2\/posts\/255221"}],"collection":[{"href":"https:\/\/www.messinaoggi.it\/website\/wp-json\/wp\/v2\/posts"}],"about":[{"href":"https:\/\/www.messinaoggi.it\/website\/wp-json\/wp\/v2\/types\/post"}],"author":[{"embeddable":true,"href":"https:\/\/www.messinaoggi.it\/website\/wp-json\/wp\/v2\/users\/18"}],"replies":[{"embeddable":true,"href":"https:\/\/www.messinaoggi.it\/website\/wp-json\/wp\/v2\/comments?post=255221"}],"version-history":[{"count":0,"href":"https:\/\/www.messinaoggi.it\/website\/wp-json\/wp\/v2\/posts\/255221\/revisions"}],"wp:featuredmedia":[{"embeddable":true,"href":"https:\/\/www.messinaoggi.it\/website\/wp-json\/wp\/v2\/media\/255222"}],"wp:attachment":[{"href":"https:\/\/www.messinaoggi.it\/website\/wp-json\/wp\/v2\/media?parent=255221"}],"wp:term":[{"taxonomy":"category","embeddable":true,"href":"https:\/\/www.messinaoggi.it\/website\/wp-json\/wp\/v2\/categories?post=255221"},{"taxonomy":"post_tag","embeddable":true,"href":"https:\/\/www.messinaoggi.it\/website\/wp-json\/wp\/v2\/tags?post=255221"}],"curies":[{"name":"wp","href":"https:\/\/api.w.org\/{rel}","templated":true}]}}