{"id":255212,"date":"2025-11-21T17:11:57","date_gmt":"2025-11-21T16:11:57","guid":{"rendered":"http:\/\/www.messinaoggi.it\/website\/?p=255212"},"modified":"2025-11-21T17:12:00","modified_gmt":"2025-11-21T16:12:00","slug":"tentato-omicidio-fermata-trentenne-nel-messinese","status":"publish","type":"post","link":"https:\/\/www.messinaoggi.it\/website\/2025\/11\/21\/tentato-omicidio-fermata-trentenne-nel-messinese\/","title":{"rendered":"Tentato omicidio, fermata trentenne nel messinese"},"content":{"rendered":"\n<p>Una donna di 30 anni \u00e8 stata fermata dai carabinieri della Compagnia di Barcellona Pozzo di Gotto con l&#8217;accusa di tentato omicidio. La donna avrebbe accoltellato un uomo di 67 anni, ieri sera, nel Comune di Falcone.<div id=\"div-gpt-ad-Messinaoggi.it-DSK-300x250-corpoart\" style=\"text-align:center;margin:0 auto;\"><\/div><\/p>\n\n\n\n<p>Il movente dell&#8217;aggressione non \u00e8 chiaro, ma \u00e8 certo che l&#8217;uomo \u00e8 stato colpito con diversi fendenti al collo e alla nuca. L&#8217;uomo non sarebbe in pericolo di vita.<div id=\"videoincontent\" style=\"clear:both\";><\/div><\/p>\n\n\n\n<p>Le indagini lampo dei militari dell&#8217;arma hanno permesso di giungere all&#8217;identit\u00e0 delle donna che si trova in stato di fermo di polizia giudiziaria.<\/p>\n","protected":false},"excerpt":{"rendered":"<p>Una donna di 30 anni \u00e8 stata fermata dai carabinieri della Compagnia di Barcellona Pozzo di Gotto con l&#8217;accusa di tentato omicidio. La donna avrebbe accoltellato un uomo di 67 anni, ieri sera, nel Comune di Falcone. Il movente dell&#8217;aggressione non \u00e8 chiaro, ma \u00e8 certo che l&#8217;uomo \u00e8 stato colpito con diversi fendenti al [&hellip;]<\/p>\n","protected":false},"author":2,"featured_media":252146,"comment_status":"open","ping_status":"open","sticky":false,"template":"","format":"standard","meta":{"ub_ctt_via":"","_mi_skip_tracking":false},"categories":[6],"tags":[55,1843,11890,746],"featured_image_src":"https:\/\/www.messinaoggi.it\/website\/wp-content\/uploads\/2025\/10\/foto-2-e1760425026800.jpg","author_info":{"display_name":"Redazione","author_link":"https:\/\/www.messinaoggi.it\/website\/author\/redazione\/"},"digistream_id":0,"digistream":false,"_links":{"self":[{"href":"https:\/\/www.messinaoggi.it\/website\/wp-json\/wp\/v2\/posts\/255212"}],"collection":[{"href":"https:\/\/www.messinaoggi.it\/website\/wp-json\/wp\/v2\/posts"}],"about":[{"href":"https:\/\/www.messinaoggi.it\/website\/wp-json\/wp\/v2\/types\/post"}],"author":[{"embeddable":true,"href":"https:\/\/www.messinaoggi.it\/website\/wp-json\/wp\/v2\/users\/2"}],"replies":[{"embeddable":true,"href":"https:\/\/www.messinaoggi.it\/website\/wp-json\/wp\/v2\/comments?post=255212"}],"version-history":[{"count":1,"href":"https:\/\/www.messinaoggi.it\/website\/wp-json\/wp\/v2\/posts\/255212\/revisions"}],"predecessor-version":[{"id":255213,"href":"https:\/\/www.messinaoggi.it\/website\/wp-json\/wp\/v2\/posts\/255212\/revisions\/255213"}],"wp:featuredmedia":[{"embeddable":true,"href":"https:\/\/www.messinaoggi.it\/website\/wp-json\/wp\/v2\/media\/252146"}],"wp:attachment":[{"href":"https:\/\/www.messinaoggi.it\/website\/wp-json\/wp\/v2\/media?parent=255212"}],"wp:term":[{"taxonomy":"category","embeddable":true,"href":"https:\/\/www.messinaoggi.it\/website\/wp-json\/wp\/v2\/categories?post=255212"},{"taxonomy":"post_tag","embeddable":true,"href":"https:\/\/www.messinaoggi.it\/website\/wp-json\/wp\/v2\/tags?post=255212"}],"curies":[{"name":"wp","href":"https:\/\/api.w.org\/{rel}","templated":true}]}}