{"id":255207,"date":"2025-11-21T16:06:43","date_gmt":"2025-11-21T15:06:43","guid":{"rendered":"https:\/\/www.messinaoggi.it\/website\/2025\/11\/21\/ucraina-von-der-leyen-proseguiremo-il-sostegno-per-tutto-il-tempo-necessario\/"},"modified":"2025-11-21T16:06:43","modified_gmt":"2025-11-21T15:06:43","slug":"ucraina-von-der-leyen-proseguiremo-il-sostegno-per-tutto-il-tempo-necessario","status":"publish","type":"post","link":"https:\/\/www.messinaoggi.it\/website\/2025\/11\/21\/ucraina-von-der-leyen-proseguiremo-il-sostegno-per-tutto-il-tempo-necessario\/","title":{"rendered":"Ucraina, von der Leyen \u201cProseguiremo il sostegno per tutto il tempo necessario\u201d"},"content":{"rendered":"<div>JOHANNESBURG (SUDAFRICA) (ITALPRESS) &#8211; <em><strong>&#8220;Siamo stati al fianco dell&#8217;Ucraina fin dall&#8217;inizio. L&#8217;obiettivo di Vladimir Putin era quello di conquistare Kiev in tre giorni o tre settimane. Ha fallito, clamorosamente.<\/strong> Questo \u00e8 dovuto innanzitutto al coraggio del popolo ucraino, ma abbiamo sostenuto il popolo ucraino fin dal primo giorno il pi\u00f9 possibile e abbiamo contribuito con oltre 180 miliardi per sostenere l&#8217;Ucraina non solo con capacit\u00e0 militari, ma anche, naturalmente, con il sostegno al bilancio. E questo continuer\u00e0 senza ombra di dubbio&#8221;.<\/em> Cos\u00ec la <strong>presidente della Commissione europea, Ursula von der Leyen,<\/strong> in conferenza stampa a <strong>Johannesburg con il presidente del Consiglio europeo,<\/strong> Antonio Costa, in vista del summit G20.<div id=\"div-gpt-ad-Messinaoggi.it-DSK-300x250-corpoart\" style=\"text-align:center;margin:0 auto;\"><\/div><\/p>\n<p><em> &#8220;Abbiamo effettivamente varato 19 pacchetti di sanzioni e si tratta di sanzioni pesanti. Lo si vede quando si considerano le crescenti difficolt\u00e0 dell&#8217;economia russa: l&#8217;inflazione alle stelle, i tassi di interesse alle stelle, un&#8217;economia di guerra surriscaldata. Lentamente ma inesorabilmente, i dati dimostrano che le sanzioni stanno facendo effetto. Perch\u00e8 non in un colpo solo? Perch\u00e8 le sanzioni<\/em> &#8211; ha aggiunto &#8211; s<em>pesso rispondono anche all&#8217;aggiramento di scappatoie. E&#8217; un processo in corso e la pressione sulla Russia \u00e8 continua. Continueremo a sostenere l&#8217;Ucraina, come abbiamo fatto in passato. L&#8217;Ucraina pu\u00f2 contare su di noi, perch\u00e8 questa non \u00e8 solo un&#8217;aggressione contro l&#8217;Ucraina, ma \u00e8 un&#8217;aggressione ai principi della Carta delle Nazioni Unite. Si svolge su suolo europeo e, pertanto, sosterremo l&#8217;Ucraina per tutto il tempo necessario&#8221;,<\/em> ha concluso.<div id=\"videoincontent\" style=\"clear:both\";><\/div><\/p>\n<p>(ITALPRESS).<br \/>\n-Foto: Ipa Agency-<\/p><\/div>\n","protected":false},"excerpt":{"rendered":"<p>JOHANNESBURG (SUDAFRICA) (ITALPRESS) &#8211; &#8220;Siamo stati al fianco dell&#8217;Ucraina fin dall&#8217;inizio. L&#8217;obiettivo di Vladimir Putin era quello di conquistare Kiev in tre giorni o tre settimane. Ha fallito, clamorosamente. Questo \u00e8 dovuto innanzitutto al coraggio del popolo ucraino, ma abbiamo sostenuto il popolo ucraino fin dal primo giorno il pi\u00f9 possibile e abbiamo contribuito con [&hellip;]<\/p>\n","protected":false},"author":18,"featured_media":255208,"comment_status":"closed","ping_status":"closed","sticky":false,"template":"","format":"standard","meta":{"ub_ctt_via":"","_mi_skip_tracking":false},"categories":[446],"tags":[783],"featured_image_src":"https:\/\/www.messinaoggi.it\/website\/wp-content\/uploads\/2025\/11\/20251121_0929.jpg","author_info":{"display_name":"Admin","author_link":"https:\/\/www.messinaoggi.it\/website\/author\/admin\/"},"digistream_id":0,"digistream":false,"_links":{"self":[{"href":"https:\/\/www.messinaoggi.it\/website\/wp-json\/wp\/v2\/posts\/255207"}],"collection":[{"href":"https:\/\/www.messinaoggi.it\/website\/wp-json\/wp\/v2\/posts"}],"about":[{"href":"https:\/\/www.messinaoggi.it\/website\/wp-json\/wp\/v2\/types\/post"}],"author":[{"embeddable":true,"href":"https:\/\/www.messinaoggi.it\/website\/wp-json\/wp\/v2\/users\/18"}],"replies":[{"embeddable":true,"href":"https:\/\/www.messinaoggi.it\/website\/wp-json\/wp\/v2\/comments?post=255207"}],"version-history":[{"count":0,"href":"https:\/\/www.messinaoggi.it\/website\/wp-json\/wp\/v2\/posts\/255207\/revisions"}],"wp:featuredmedia":[{"embeddable":true,"href":"https:\/\/www.messinaoggi.it\/website\/wp-json\/wp\/v2\/media\/255208"}],"wp:attachment":[{"href":"https:\/\/www.messinaoggi.it\/website\/wp-json\/wp\/v2\/media?parent=255207"}],"wp:term":[{"taxonomy":"category","embeddable":true,"href":"https:\/\/www.messinaoggi.it\/website\/wp-json\/wp\/v2\/categories?post=255207"},{"taxonomy":"post_tag","embeddable":true,"href":"https:\/\/www.messinaoggi.it\/website\/wp-json\/wp\/v2\/tags?post=255207"}],"curies":[{"name":"wp","href":"https:\/\/api.w.org\/{rel}","templated":true}]}}