{"id":255098,"date":"2025-11-20T10:45:45","date_gmt":"2025-11-20T09:45:45","guid":{"rendered":"http:\/\/www.messinaoggi.it\/website\/?p=255098"},"modified":"2025-11-20T10:45:47","modified_gmt":"2025-11-20T09:45:47","slug":"vessava-il-padre-adesso-va-in-carcere","status":"publish","type":"post","link":"https:\/\/www.messinaoggi.it\/website\/2025\/11\/20\/vessava-il-padre-adesso-va-in-carcere\/","title":{"rendered":"Vessava il padre, adesso va in carcere"},"content":{"rendered":"\n<p>I carabinieri della locale Stazione di Gioisa Marea hanno eseguito un\u2019<em>o<\/em><em>rdinanza di custodia cautelare in carcere<\/em> emessa dal Tribunale del Riesame di Messina &#8211; su richiesta della Procura della Repubblica di Patti (ME) &#8211; nei confronti di un 52enne del luogo, ritenuto gravemente indiziato di <em>\u201cmaltrattamenti in famiglia\u201d<\/em> commessi, dal 2021 ad oggi, ai danni del padre convivente.<div id=\"div-gpt-ad-Messinaoggi.it-DSK-300x250-corpoart\" style=\"text-align:center;margin:0 auto;\"><\/div><\/p>\n\n\n\n<p>In particolare, le indagini condotte dai Carabinieri e coordinate dalla Procura della Repubblica di Patti hanno consentito di accertare che l\u2019uomo &#8211; in pi\u00f9 occasioni, anche in stato di alterazione psicofisica &#8211; aveva malmenato e aggredito verbalmente il genitore, ingiuriandolo e minacciandolo di morte, nonch\u00e9 utilizzando anche armi improprie e cagionandogli lesioni personali.<div id=\"videoincontent\" style=\"clear:both\";><\/div><\/p>\n\n\n\n<p>Inoltre, il quadro indiziario \u00e8 risultato ulteriormente aggravato dal fatto che l\u2019indagato &#8211; gi\u00e0 sottoposto, nell\u2019ambito dello stesso procedimento penale, alle misure cautelari dell\u2019<em>allontanamento urgente dalla casa familiare<\/em> e del <em>divieto di avvicinamento al padre<\/em> &#8211; si era reso responsabile anche di reiterate violazioni delle prescrizioni di cui era gravato, talch\u00e9 aveva altres\u00ec danneggiato pi\u00f9 volte il braccialetto elettronico che gli era stato applicato.<\/p>\n\n\n\n<p>Difatti, la gravit\u00e0 degli episodi contestati e l\u2019inclinazione dell\u2019indagato all\u2019inosservanza degli obblighi gi\u00e0 disposti nei suoi confronti hanno quindi indotto il G.I.P. a emettere il predetto provvedimento restrittivo, anche al fine di tutelare la vittima.<\/p>\n","protected":false},"excerpt":{"rendered":"<p>I carabinieri della locale Stazione di Gioisa Marea hanno eseguito un\u2019ordinanza di custodia cautelare in carcere emessa dal Tribunale del Riesame di Messina &#8211; su richiesta della Procura della Repubblica di Patti (ME) &#8211; nei confronti di un 52enne del luogo, ritenuto gravemente indiziato di \u201cmaltrattamenti in famiglia\u201d commessi, dal 2021 ad oggi, ai danni [&hellip;]<\/p>\n","protected":false},"author":2,"featured_media":253889,"comment_status":"open","ping_status":"open","sticky":false,"template":"","format":"standard","meta":{"ub_ctt_via":"","_mi_skip_tracking":false},"categories":[6],"tags":[5594,55,5872,11884],"featured_image_src":"https:\/\/www.messinaoggi.it\/website\/wp-content\/uploads\/2025\/11\/foto-repertorio.jpg","author_info":{"display_name":"Redazione","author_link":"https:\/\/www.messinaoggi.it\/website\/author\/redazione\/"},"digistream_id":0,"digistream":false,"_links":{"self":[{"href":"https:\/\/www.messinaoggi.it\/website\/wp-json\/wp\/v2\/posts\/255098"}],"collection":[{"href":"https:\/\/www.messinaoggi.it\/website\/wp-json\/wp\/v2\/posts"}],"about":[{"href":"https:\/\/www.messinaoggi.it\/website\/wp-json\/wp\/v2\/types\/post"}],"author":[{"embeddable":true,"href":"https:\/\/www.messinaoggi.it\/website\/wp-json\/wp\/v2\/users\/2"}],"replies":[{"embeddable":true,"href":"https:\/\/www.messinaoggi.it\/website\/wp-json\/wp\/v2\/comments?post=255098"}],"version-history":[{"count":1,"href":"https:\/\/www.messinaoggi.it\/website\/wp-json\/wp\/v2\/posts\/255098\/revisions"}],"predecessor-version":[{"id":255099,"href":"https:\/\/www.messinaoggi.it\/website\/wp-json\/wp\/v2\/posts\/255098\/revisions\/255099"}],"wp:featuredmedia":[{"embeddable":true,"href":"https:\/\/www.messinaoggi.it\/website\/wp-json\/wp\/v2\/media\/253889"}],"wp:attachment":[{"href":"https:\/\/www.messinaoggi.it\/website\/wp-json\/wp\/v2\/media?parent=255098"}],"wp:term":[{"taxonomy":"category","embeddable":true,"href":"https:\/\/www.messinaoggi.it\/website\/wp-json\/wp\/v2\/categories?post=255098"},{"taxonomy":"post_tag","embeddable":true,"href":"https:\/\/www.messinaoggi.it\/website\/wp-json\/wp\/v2\/tags?post=255098"}],"curies":[{"name":"wp","href":"https:\/\/api.w.org\/{rel}","templated":true}]}}