{"id":255019,"date":"2025-11-19T11:55:12","date_gmt":"2025-11-19T10:55:12","guid":{"rendered":"http:\/\/www.messinaoggi.it\/website\/?p=255019"},"modified":"2025-11-19T11:55:13","modified_gmt":"2025-11-19T10:55:13","slug":"stop-a-tendoni-e-baracche-a-piazza-cairoli-e-sul-viale","status":"publish","type":"post","link":"https:\/\/www.messinaoggi.it\/website\/2025\/11\/19\/stop-a-tendoni-e-baracche-a-piazza-cairoli-e-sul-viale\/","title":{"rendered":"Stop a &#8220;tendoni e baracche&#8221; a piazza Cairoli e sul Viale"},"content":{"rendered":"\n<p>Adesso che il centro cittadino \u00e8 stato riqualificato con importanti investimenti, sarebbe opportuna una inversione di rotta rispetto alle iniziative da proporre.<div id=\"div-gpt-ad-Messinaoggi.it-DSK-300x250-corpoart\" style=\"text-align:center;margin:0 auto;\"><\/div><\/p>\n\n\n\n<p>Il cosiddetto &#8220;salotto buono&#8221; della citt\u00e0, negli ultimi anni si \u00e8 trasformato nel &#8220;salotto di sagre e schiticchi&#8221;. Iniziative che adesso non si conciliano pi\u00f9 con la riqualificazione di un centro cittadino, dove per colpa di una politica distratta si sono registrate numerose chiusure di esercizi commerciali.<div id=\"videoincontent\" style=\"clear:both\";><\/div><\/p>\n\n\n\n<p>Se la &#8220;visione&#8221; di Palazzo Zanca \u00e8 quella di rendere il centro commerciale pedonale, \u00e8 opportuno che non si frappongano ostacoli al passeggio dei cittadini con &#8220;tende e baracche&#8221; di dubbio gusto.<\/p>\n\n\n\n<p>Ben vengano le iniziative, ma in altre zone dove magari non creano disagi e soprattutto non interferiscano con le attivit\u00e0 commerciali esistenti. L&#8217;amministrazione dovrebbe sforzarsi a proporre iniziative eleganti e di un certo livello per fare tornare a risplendere il &#8220;salotto buono&#8221; della citt\u00e0.<\/p>\n","protected":false},"excerpt":{"rendered":"<p>Adesso che il centro cittadino \u00e8 stato riqualificato con importanti investimenti, sarebbe opportuna una inversione di rotta rispetto alle iniziative da proporre. Il cosiddetto &#8220;salotto buono&#8221; della citt\u00e0, negli ultimi anni si \u00e8 trasformato nel &#8220;salotto di sagre e schiticchi&#8221;. Iniziative che adesso non si conciliano pi\u00f9 con la riqualificazione di un centro cittadino, dove [&hellip;]<\/p>\n","protected":false},"author":2,"featured_media":255020,"comment_status":"open","ping_status":"open","sticky":false,"template":"","format":"standard","meta":{"ub_ctt_via":"","_mi_skip_tracking":false},"categories":[5],"tags":[897,129,4605,11872,79],"featured_image_src":"https:\/\/www.messinaoggi.it\/website\/wp-content\/uploads\/2025\/11\/583900183_2577367812628512_1309135561994888906_n.jpg","author_info":{"display_name":"Redazione","author_link":"https:\/\/www.messinaoggi.it\/website\/author\/redazione\/"},"digistream_id":0,"digistream":false,"_links":{"self":[{"href":"https:\/\/www.messinaoggi.it\/website\/wp-json\/wp\/v2\/posts\/255019"}],"collection":[{"href":"https:\/\/www.messinaoggi.it\/website\/wp-json\/wp\/v2\/posts"}],"about":[{"href":"https:\/\/www.messinaoggi.it\/website\/wp-json\/wp\/v2\/types\/post"}],"author":[{"embeddable":true,"href":"https:\/\/www.messinaoggi.it\/website\/wp-json\/wp\/v2\/users\/2"}],"replies":[{"embeddable":true,"href":"https:\/\/www.messinaoggi.it\/website\/wp-json\/wp\/v2\/comments?post=255019"}],"version-history":[{"count":1,"href":"https:\/\/www.messinaoggi.it\/website\/wp-json\/wp\/v2\/posts\/255019\/revisions"}],"predecessor-version":[{"id":255021,"href":"https:\/\/www.messinaoggi.it\/website\/wp-json\/wp\/v2\/posts\/255019\/revisions\/255021"}],"wp:featuredmedia":[{"embeddable":true,"href":"https:\/\/www.messinaoggi.it\/website\/wp-json\/wp\/v2\/media\/255020"}],"wp:attachment":[{"href":"https:\/\/www.messinaoggi.it\/website\/wp-json\/wp\/v2\/media?parent=255019"}],"wp:term":[{"taxonomy":"category","embeddable":true,"href":"https:\/\/www.messinaoggi.it\/website\/wp-json\/wp\/v2\/categories?post=255019"},{"taxonomy":"post_tag","embeddable":true,"href":"https:\/\/www.messinaoggi.it\/website\/wp-json\/wp\/v2\/tags?post=255019"}],"curies":[{"name":"wp","href":"https:\/\/api.w.org\/{rel}","templated":true}]}}