{"id":255008,"date":"2025-11-19T11:31:54","date_gmt":"2025-11-19T10:31:54","guid":{"rendered":"http:\/\/www.messinaoggi.it\/website\/?p=255008"},"modified":"2025-11-19T11:35:25","modified_gmt":"2025-11-19T10:35:25","slug":"rizzo-dallincarico-della-amata-al-passaggio-con-de-luca","status":"publish","type":"post","link":"https:\/\/www.messinaoggi.it\/website\/2025\/11\/19\/rizzo-dallincarico-della-amata-al-passaggio-con-de-luca\/","title":{"rendered":"Rizzo, dall&#8217;incarico della Amata al passaggio con De Luca"},"content":{"rendered":"\n<p>&#8220;Mi sono preso una pausa prima di matura la scelta politica di aderire a Sud chiama Nord&#8221;. Lo ha detto, &#8220;<em>con animo sereno<\/em>&#8220;, ieri l&#8217;avvocato <strong>Massimo Rizzo<\/strong>, gi\u00e0 consigliere comunale di Messina con &#8220;Libera Me&#8221;, vicino alle posizioni dell&#8217;on. <strong>Pietro Navarra<\/strong>.<div id=\"div-gpt-ad-Messinaoggi.it-DSK-300x250-corpoart\" style=\"text-align:center;margin:0 auto;\"><\/div><\/p>\n\n\n\n<p>Qualcosa non torna nelle parole di Rizzo tenuto conto che nella primavera del 2024 ha ricevuto un incarico per una consulenza legale all&#8217;<strong>assessorato regionale al Turismo<\/strong>. Incarico che poi non si \u00e8 concretizzato perch\u00e9 il professionista non ha mani dato inizio alla sua attivit\u00e0.<div id=\"videoincontent\" style=\"clear:both\";><\/div><\/p>\n\n\n\n<p>E&#8217; quanto si legge nella determina di revoca dell&#8217;incarico che avrebbe fruttato <strong>6mila euro al professionista messinese<\/strong>. Un incarico che comunque ha una matrice politica ben definita; anche perch\u00e8 se non l&#8217;avesse avuta difficilmente la <strong>Amata <\/strong>gli avrebbe conferito l&#8217;incarico.<\/p>\n\n\n\n<p>Fatto sta che nelle parole di <strong>Rizzo<\/strong> c&#8217;\u00e8 qualcosa che non torna, ovvero la &#8220;pausa di riflessione politica&#8221;. L&#8217;avvocato messinese, carte alla mano, ha cercato di avvicinarsi o probabilmente ha frequentato la segretaria politica di FdI. <\/p>\n\n\n\n<p>Poi la classica &#8220;folgorazione&#8221; sulla via di <strong>Fiumedinisi<\/strong>. Non \u00e8 chiaro se prima o dopo la concessione di un doppio incarico ricevuto con la <strong>Citt\u00e0 Metropolitana di Messina <\/strong>e <strong>l&#8217;ATM<\/strong>. Incarichi, manco a dirlo, remunerati.<\/p>\n\n\n\n<p><\/p>\n","protected":false},"excerpt":{"rendered":"<p>&#8220;Mi sono preso una pausa prima di matura la scelta politica di aderire a Sud chiama Nord&#8221;. Lo ha detto, &#8220;con animo sereno&#8220;, ieri l&#8217;avvocato Massimo Rizzo, gi\u00e0 consigliere comunale di Messina con &#8220;Libera Me&#8221;, vicino alle posizioni dell&#8217;on. Pietro Navarra. Qualcosa non torna nelle parole di Rizzo tenuto conto che nella primavera del 2024 [&hellip;]<\/p>\n","protected":false},"author":2,"featured_media":255009,"comment_status":"open","ping_status":"open","sticky":false,"template":"","format":"standard","meta":{"ub_ctt_via":"","_mi_skip_tracking":false},"categories":[6],"tags":[11867,126,1059,11866,1264,5307],"featured_image_src":"https:\/\/www.messinaoggi.it\/website\/wp-content\/uploads\/2025\/11\/585788986_1394268292259947_3845125107488688203_n.jpg","author_info":{"display_name":"Redazione","author_link":"https:\/\/www.messinaoggi.it\/website\/author\/redazione\/"},"digistream_id":0,"digistream":false,"_links":{"self":[{"href":"https:\/\/www.messinaoggi.it\/website\/wp-json\/wp\/v2\/posts\/255008"}],"collection":[{"href":"https:\/\/www.messinaoggi.it\/website\/wp-json\/wp\/v2\/posts"}],"about":[{"href":"https:\/\/www.messinaoggi.it\/website\/wp-json\/wp\/v2\/types\/post"}],"author":[{"embeddable":true,"href":"https:\/\/www.messinaoggi.it\/website\/wp-json\/wp\/v2\/users\/2"}],"replies":[{"embeddable":true,"href":"https:\/\/www.messinaoggi.it\/website\/wp-json\/wp\/v2\/comments?post=255008"}],"version-history":[{"count":2,"href":"https:\/\/www.messinaoggi.it\/website\/wp-json\/wp\/v2\/posts\/255008\/revisions"}],"predecessor-version":[{"id":255011,"href":"https:\/\/www.messinaoggi.it\/website\/wp-json\/wp\/v2\/posts\/255008\/revisions\/255011"}],"wp:featuredmedia":[{"embeddable":true,"href":"https:\/\/www.messinaoggi.it\/website\/wp-json\/wp\/v2\/media\/255009"}],"wp:attachment":[{"href":"https:\/\/www.messinaoggi.it\/website\/wp-json\/wp\/v2\/media?parent=255008"}],"wp:term":[{"taxonomy":"category","embeddable":true,"href":"https:\/\/www.messinaoggi.it\/website\/wp-json\/wp\/v2\/categories?post=255008"},{"taxonomy":"post_tag","embeddable":true,"href":"https:\/\/www.messinaoggi.it\/website\/wp-json\/wp\/v2\/tags?post=255008"}],"curies":[{"name":"wp","href":"https:\/\/api.w.org\/{rel}","templated":true}]}}