{"id":255003,"date":"2025-11-19T11:18:08","date_gmt":"2025-11-19T10:18:08","guid":{"rendered":"http:\/\/www.messinaoggi.it\/website\/?p=255003"},"modified":"2025-11-19T11:19:12","modified_gmt":"2025-11-19T10:19:12","slug":"conservatorio-corelli-successo-del-concerto-di-apertura-nuovo-anno-accademico","status":"publish","type":"post","link":"https:\/\/www.messinaoggi.it\/website\/2025\/11\/19\/conservatorio-corelli-successo-del-concerto-di-apertura-nuovo-anno-accademico\/","title":{"rendered":"Conservatorio Corelli, successo del concerto di apertura nuovo anno accademico"},"content":{"rendered":"\n<p>Il concerto dell\u2019Orchestra sinfonica del Conservatorio Corelli di Messina, tenutosi in un gremito Teatro Vittorio Emanuele, ha concluso le iniziative per l\u2019inaugurazione dell\u2019anno accademico 2025\/2026 dell\u2019istituto di\u00a0Alta\u00a0Formazione\u00a0Artistica e\u00a0Musicale. Per la prima volta, ed \u00e8 stata questa la gradita novit\u00e0 fortemente voluta dalla governance e dal corpo accademico del Conservatorio, a dirigere il concerto inaugurale sono stati due studenti del corso di direzione d\u2019orchestra, Coralie Camuti e Antonio Scandurra, che hanno dimostrato eccellente preparazione ed altrettanta passione, cos\u00ec come i solisti Maria Chiara Giordano (al corno) e Andrea Cannata (pianoforte). Se gli applausi del pubblico all\u2019Orchestra sinfonica hanno scandito la conclusione della cerimonia d\u2019inaugurazione dell\u2019anno accademico, la prima parte \u00e8 stata dedicata ai bilanci ed alle nuove sfide, ai traguardi raggiunti ed ai prossimi progetti, del Conservatorio Corelli.<div id=\"div-gpt-ad-Messinaoggi.it-DSK-300x250-corpoart\" style=\"text-align:center;margin:0 auto;\"><\/div><\/p>\n\n\n\n<figure class=\"wp-block-image size-large\"><img loading=\"lazy\" width=\"1024\" height=\"967\" src=\"http:\/\/www.messinaoggi.it\/website\/wp-content\/uploads\/2025\/11\/inaugurazione-corelli-foto-con-dir-1024x967.jpg\" alt=\"\" class=\"wp-image-255005\" srcset=\"https:\/\/www.messinaoggi.it\/website\/wp-content\/uploads\/2025\/11\/inaugurazione-corelli-foto-con-dir-1024x967.jpg 1024w, https:\/\/www.messinaoggi.it\/website\/wp-content\/uploads\/2025\/11\/inaugurazione-corelli-foto-con-dir-300x283.jpg 300w, https:\/\/www.messinaoggi.it\/website\/wp-content\/uploads\/2025\/11\/inaugurazione-corelli-foto-con-dir-768x726.jpg 768w, https:\/\/www.messinaoggi.it\/website\/wp-content\/uploads\/2025\/11\/inaugurazione-corelli-foto-con-dir.jpg 1519w\" sizes=\"(max-width: 1024px) 100vw, 1024px\" \/><figcaption><strong>L&#8217;orchestra sinfonica del Corelli<\/strong><\/figcaption><\/figure>\n\n\n\n<p>Dopo l\u2019inno di Mameli e l\u2019ingresso in sala del Consiglio accademico, del Consiglio d\u2019amministrazione e della Consulta degli studenti, sono intervenuti il presidente del Corelli Egidio Bernava Morante ed il direttore Antonino Averna.<div id=\"videoincontent\" style=\"clear:both\";><\/div><\/p>\n\n\n\n<p>L\u2019offerta formativa sempre pi\u00f9 ampia ed attuale, una progressiva internazionalizzazione (sia attraverso l\u2019Erasmus che con i protocolli con la Cina ed altri Paesi d\u2019Europa), le sinergie con le istituzioni ad ogni livello e con le associazioni, l\u2019apertura alla citt\u00e0 che ha potuto apprezzare in pi\u00f9 occasioni il talento dei giovani studenti, sono punti di forza di un Conservatorio che sta diventando molto pi\u00f9 di un\u2019Universit\u00e0 della musica, ma cuore pulsante di una comunit\u00e0.<\/p>\n\n\n\n<p>Non a caso Bernava si \u00e8 definito \u201corgoglioso presidente non di una scuola ma di un istituto di alta formazione\u201d e si \u00e8 poi soffermato sul ruolo della musica e del suo linguaggio universale che in un\u2019epoca di guerre e sofferenze, si eleva a portatrice di messaggi di pace. Il direttore Averna attraverso i numeri e la presentazione delle attivit\u00e0 ha fornito un quadro attento di quanto la valorizzazione dei talenti sia frutto di una programmazione che va di pari passo con la competenza ed un pizzico di ambizione. E\u2019 stata poi la volta del rappresentante degli studenti Gianluca Colaci che ha dato voce ai colleghi ed alle colleghe che \u201csono la forza della comunit\u00e0, il laboratorio della comunit\u00e0\u201d ed attraverso il racconto degli anni di formazione ha descritto un\u2019istituzione che diventa famiglia e accompagna i suoi figli nel percorso di crescita e di realizzazione dei sogni.<\/p>\n\n\n\n<p>Sono quindi intervenuti Ivano Iai (presidente della conferenza nazionale dei Conservatori) e Roberto Antonello (presidente della conferenza nazionale dei direttori dei Conservatori) che si sono soffermati sull\u2019importanza di fare rete. Tema quest\u2019ultimo evidenziato dal presidente dell\u2019Ente Teatro Vittorio Emanuele Orazio Miloro che ha ricordato la sinergia costante con il Corelli e la gioia del portare in scena coproduzioni di successo come la Cavalleria Rusticana della scorsa primavera. Una collaborazione riuscita che vedr\u00e0 nuovamente l\u2019orchestra sinfonica in scena, nel 2026 con il Rigoletto. Il vice sindaco Salvatore Mondello ha portato non solo la testimonianza della forte sinergia che lega l\u2019amministrazione comunale di Messina al Conservatorio ma anche la sua esperienza personale al Corelli \u201cfatta di grande professionalit\u00e0, cura, attenzione verso il lavoro\u201d.<\/p>\n\n\n\n<p>L\u2019invito della senatrice Alessandra Galloni (consigliera Afam del Miur) rivolto agli studenti di credere sempre nei loro talenti ha concluso la parte istituzionale della cerimonia che si \u00e8 conclusa con l\u2019applauditissimo concerto dell\u2019Orchestra sinfonica del Conservatorio.<\/p>\n","protected":false},"excerpt":{"rendered":"<p>Il concerto dell\u2019Orchestra sinfonica del Conservatorio Corelli di Messina, tenutosi in un gremito Teatro Vittorio Emanuele, ha concluso le iniziative per l\u2019inaugurazione dell\u2019anno accademico 2025\/2026 dell\u2019istituto di\u00a0Alta\u00a0Formazione\u00a0Artistica e\u00a0Musicale. Per la prima volta, ed \u00e8 stata questa la gradita novit\u00e0 fortemente voluta dalla governance e dal corpo accademico del Conservatorio, a dirigere il concerto inaugurale sono [&hellip;]<\/p>\n","protected":false},"author":2,"featured_media":255004,"comment_status":"open","ping_status":"open","sticky":false,"template":"","format":"standard","meta":{"ub_ctt_via":"","_mi_skip_tracking":false},"categories":[5],"tags":[11809,10907,11864,11865,1983],"featured_image_src":"https:\/\/www.messinaoggi.it\/website\/wp-content\/uploads\/2025\/11\/inaugurazione-corelli-bernava.jpg","author_info":{"display_name":"Redazione","author_link":"https:\/\/www.messinaoggi.it\/website\/author\/redazione\/"},"digistream_id":0,"digistream":false,"_links":{"self":[{"href":"https:\/\/www.messinaoggi.it\/website\/wp-json\/wp\/v2\/posts\/255003"}],"collection":[{"href":"https:\/\/www.messinaoggi.it\/website\/wp-json\/wp\/v2\/posts"}],"about":[{"href":"https:\/\/www.messinaoggi.it\/website\/wp-json\/wp\/v2\/types\/post"}],"author":[{"embeddable":true,"href":"https:\/\/www.messinaoggi.it\/website\/wp-json\/wp\/v2\/users\/2"}],"replies":[{"embeddable":true,"href":"https:\/\/www.messinaoggi.it\/website\/wp-json\/wp\/v2\/comments?post=255003"}],"version-history":[{"count":2,"href":"https:\/\/www.messinaoggi.it\/website\/wp-json\/wp\/v2\/posts\/255003\/revisions"}],"predecessor-version":[{"id":255007,"href":"https:\/\/www.messinaoggi.it\/website\/wp-json\/wp\/v2\/posts\/255003\/revisions\/255007"}],"wp:featuredmedia":[{"embeddable":true,"href":"https:\/\/www.messinaoggi.it\/website\/wp-json\/wp\/v2\/media\/255004"}],"wp:attachment":[{"href":"https:\/\/www.messinaoggi.it\/website\/wp-json\/wp\/v2\/media?parent=255003"}],"wp:term":[{"taxonomy":"category","embeddable":true,"href":"https:\/\/www.messinaoggi.it\/website\/wp-json\/wp\/v2\/categories?post=255003"},{"taxonomy":"post_tag","embeddable":true,"href":"https:\/\/www.messinaoggi.it\/website\/wp-json\/wp\/v2\/tags?post=255003"}],"curies":[{"name":"wp","href":"https:\/\/api.w.org\/{rel}","templated":true}]}}