{"id":25492,"date":"2018-10-13T23:27:38","date_gmt":"2018-10-13T21:27:38","guid":{"rendered":"http:\/\/www.messinaoggi.it\/website\/?p=25492"},"modified":"2018-10-13T23:27:38","modified_gmt":"2018-10-13T21:27:38","slug":"e-de-luca-vuole-mandare-a-casa-anche-i-lavoratori-del-teatro","status":"publish","type":"post","link":"https:\/\/www.messinaoggi.it\/website\/2018\/10\/13\/e-de-luca-vuole-mandare-a-casa-anche-i-lavoratori-del-teatro\/","title":{"rendered":"E De Luca vuole mandare a casa anche i lavoratori del Teatro"},"content":{"rendered":"<p style=\"text-align: justify;\">Il \u201cpadrone del pastificio\u201d vuole prendersi il Teatro e mandare i dipendenti a casa. L\u2019annuncio shock del sindaco Cateno De Luca \u00e8 contenuto in un post pubblicato sulla sua bacheca Fb, dopo l&#8217;incontro avuto questa mattina con il nuovo sovrintendente appena nominato dall&#8217;assessore regionale al Turismo.<div id=\"div-gpt-ad-Messinaoggi.it-DSK-300x250-corpoart\" style=\"text-align:center;margin:0 auto;\"><\/div><\/p>\n<p style=\"text-align: justify;\">\u201c<em>Ho ricevuto Gianfranco Scoglio, appena nominato dall\u2019assessore regionale al turismo, sovrintende del Teatro Vittorio Emanuele di Messina a cui auguro un sincero buon lavoro. Gli ho ribadito che non intendo nominare i due componenti del cda di competenza della citt\u00e0 di Messina e della citt\u00e0 metropolitana fino a quando non mi presenteranno un serio e lungimirante piano industriale di rilancio del nostro teatro. Se entro dicembre non arriver\u00e0 quanto richiesto ed io sar\u00f2 ancora il sindaco di Messina mi riprender\u00f2 l\u2019immobile senza i dipendenti e avvier\u00f2 autonomamente le attivit\u00e0 teatrali con un nostro piano di rilancio e di sviluppo<\/em>\u201d.<div id=\"videoincontent\" style=\"clear:both\";><\/div><\/p>\n<p style=\"text-align: justify;\">In buona sostanza, il primo cittadino intende continua a paralizzare l\u2019attivit\u00e0 dell\u2019Ente evitando di nominare i componenti del Consiglio di amministrazione e cos\u00ec facendo intende mettere all\u2019angolo la Regione per ottenere ci\u00f2 che vuole. Caso contrario, ovvero se il braccio di ferro non dovesse portare acqua al mulino di De Luca ecco la minaccia: \u201cMi riprendo l\u2019immobile senza personale\u201d.<\/p>\n<p style=\"text-align: justify;\">Tradotto, significa che priverebbe i dipendenti del Teatro di Messina del loro lavoro. Si aprir\u00e0 quasi certamente un nuovo fronte caldo dopo l\u2019annuncio del sindaco che intende avviare le attivit\u00e0 teatrali con un piano di rilancio predisposto dal Comune. Magari \u2013 ha commentato qualcuno \u2013 ci mander\u00e0 gli impiegati di Palazzo Zanca di fascia A e B.<\/p>\n<p style=\"text-align: justify;\">A parte le battute, si profila un altro \u201cscontro\u201d con i sindacati che certamente vogliono scongiurare il licenziamento dei dipendenti, rispetto alla prova di forza messa in atto da Cateno De Luca.<\/p>\n<p> <\/p>\n","protected":false},"excerpt":{"rendered":"<p>Il \u201cpadrone del pastificio\u201d vuole prendersi il Teatro e mandare i dipendenti a casa. L\u2019annuncio shock del sindaco Cateno De Luca \u00e8 contenuto in un post pubblicato sulla sua bacheca Fb, dopo l&#8217;incontro avuto questa mattina con il nuovo sovrintendente appena nominato dall&#8217;assessore regionale al Turismo. \u201cHo ricevuto Gianfranco Scoglio, appena nominato dall\u2019assessore regionale al [&hellip;]<\/p>\n","protected":false},"author":2,"featured_media":3628,"comment_status":"closed","ping_status":"open","sticky":false,"template":"","format":"standard","meta":{"ub_ctt_via":"","_mi_skip_tracking":false},"categories":[19],"tags":[],"featured_image_src":"https:\/\/www.messinaoggi.it\/website\/wp-content\/uploads\/2017\/06\/teatro-vittorio-di-sera-messinaoggi-2.jpg","author_info":{"display_name":"Redazione","author_link":"https:\/\/www.messinaoggi.it\/website\/author\/redazione\/"},"digistream_id":0,"digistream":false,"_links":{"self":[{"href":"https:\/\/www.messinaoggi.it\/website\/wp-json\/wp\/v2\/posts\/25492"}],"collection":[{"href":"https:\/\/www.messinaoggi.it\/website\/wp-json\/wp\/v2\/posts"}],"about":[{"href":"https:\/\/www.messinaoggi.it\/website\/wp-json\/wp\/v2\/types\/post"}],"author":[{"embeddable":true,"href":"https:\/\/www.messinaoggi.it\/website\/wp-json\/wp\/v2\/users\/2"}],"replies":[{"embeddable":true,"href":"https:\/\/www.messinaoggi.it\/website\/wp-json\/wp\/v2\/comments?post=25492"}],"version-history":[{"count":0,"href":"https:\/\/www.messinaoggi.it\/website\/wp-json\/wp\/v2\/posts\/25492\/revisions"}],"wp:featuredmedia":[{"embeddable":true,"href":"https:\/\/www.messinaoggi.it\/website\/wp-json\/wp\/v2\/media\/3628"}],"wp:attachment":[{"href":"https:\/\/www.messinaoggi.it\/website\/wp-json\/wp\/v2\/media?parent=25492"}],"wp:term":[{"taxonomy":"category","embeddable":true,"href":"https:\/\/www.messinaoggi.it\/website\/wp-json\/wp\/v2\/categories?post=25492"},{"taxonomy":"post_tag","embeddable":true,"href":"https:\/\/www.messinaoggi.it\/website\/wp-json\/wp\/v2\/tags?post=25492"}],"curies":[{"name":"wp","href":"https:\/\/api.w.org\/{rel}","templated":true}]}}