{"id":25480,"date":"2018-10-13T11:22:09","date_gmt":"2018-10-13T09:22:09","guid":{"rendered":"http:\/\/www.messinaoggi.it\/website\/?p=25480"},"modified":"2018-10-13T11:22:09","modified_gmt":"2018-10-13T09:22:09","slug":"de-domenico-era-ineleggibile-rimane-in-carica-ma-fino-a-quando","status":"publish","type":"post","link":"https:\/\/www.messinaoggi.it\/website\/2018\/10\/13\/de-domenico-era-ineleggibile-rimane-in-carica-ma-fino-a-quando\/","title":{"rendered":"De Domenico era ineleggibile. Rimane in carica ma fino a quando?"},"content":{"rendered":"<p class=\"s2\" style=\"text-align: justify;\"><span class=\"s3\"><span class=\"bumpedFont15\">Il Tribunale dichiara De Domenico ineleggibile secondo la legge regionale in vigore<\/span><\/span><span class=\"s3\"><span class=\"bumpedFont15\">,<\/span><\/span><span class=\"s3\"><span class=\"bumpedFont15\"> ma rimette gli atti alla Corte Costituzionale per vagliarne la costituzionalit\u00e0<\/span><\/span><span class=\"s3\"><span class=\"bumpedFont15\"> e per legge viene <\/span><\/span><span class=\"s3\"><span class=\"bumpedFont15\">sospe<\/span><\/span><span class=\"s3\"><span class=\"bumpedFont15\">sa<\/span><\/span><span class=\"s3\"><span class=\"bumpedFont15\"> la decisione sulla decadenza.<\/span><\/span><div id=\"div-gpt-ad-Messinaoggi.it-DSK-300x250-corpoart\" style=\"text-align:center;margin:0 auto;\"><\/div><\/p>\n<p class=\"s2\" style=\"text-align: justify;\"><span class=\"s4\"><span class=\"bumpedFont15\">Subito dopo la proclamazione di Franco De Domenico<\/span><\/span> <span class=\"s4\"><span class=\"bumpedFont15\">al<\/span><\/span><span class=\"s4\"><span class=\"bumpedFont15\">la carica di deputato regionale, <\/span><\/span><span class=\"s4\"><span class=\"bumpedFont15\">tre cittadini <\/span><\/span><span class=\"s4\"><span class=\"bumpedFont15\">hanno presentato due ricorsi, <\/span><\/span><span class=\"s4\"><span class=\"bumpedFont15\">esercitando l\u2019azione popolare <\/span><\/span><span class=\"s4\"><span class=\"bumpedFont15\">prevista in capo a qualsiasi elettore. A chiedere <\/span><\/span><span class=\"s4\"><span class=\"bumpedFont15\">la decadenza di De<\/span><\/span><span class=\"s4\"><span class=\"bumpedFont15\"> D<\/span><\/span><span class=\"s4\"><span class=\"bumpedFont15\">omenico <\/span><\/span><span class=\"s4\"><span class=\"bumpedFont15\">sono stati <\/span><\/span><span class=\"s4\"><span class=\"bumpedFont15\">Catanese Giuseppe, <\/span><\/span><span class=\"s4\"><span class=\"bumpedFont15\">nato a Messina il 4.11.1983<\/span><\/span><span class=\"s4\"><span class=\"bumpedFont15\"> e Iacopino Paola, <\/span><\/span><span class=\"s4\"><span class=\"bumpedFont15\">nata a Messina il 10.9.1939, <\/span><\/span><span class=\"s4\"><span class=\"bumpedFont15\">difesi dagli avv.ti <\/span><\/span><span class=\"s4\"><span class=\"bumpedFont15\">Giovanni <\/span><\/span><span class=\"s4\"><span class=\"bumpedFont15\">e Giuseppe <\/span><\/span><span class=\"s4\"><span class=\"bumpedFont15\">Immordino, <\/span><\/span><span class=\"s4\"><span class=\"bumpedFont15\">nonch\u00e9, con altro ricorso, Ruffino Giuseppe, <\/span><\/span><span class=\"s4\"><span class=\"bumpedFont15\">nato a Castel di Lucio (Me) il 20.6.1959, rappresentato e difeso dagli avvocati Salvatore e Luigi Raimondi<\/span><\/span><span class=\"s4\"><span class=\"bumpedFont15\">. Nella causa<\/span><\/span><span class=\"s4\"><span class=\"bumpedFont15\">,<\/span><\/span><span class=\"s4\"><span class=\"bumpedFont15\"> alla scorsa udienza<\/span><\/span><span class=\"s4\"><span class=\"bumpedFont15\">,<\/span><\/span><span class=\"s4\"><span class=\"bumpedFont15\"> \u00e8 intervenuto <\/span><\/span><span class=\"s4\"><span class=\"bumpedFont15\">nel giudizio <\/span><\/span><span class=\"s4\"><span class=\"bumpedFont15\">l\u2019On.le Giuseppe Laccoto, con l\u2019avv. Natale Bonfiglio.<\/span><\/span><div id=\"videoincontent\" style=\"clear:both\";><\/div><\/p>\n<p class=\"s2\" style=\"text-align: justify;\"><span class=\"s4\"><span class=\"bumpedFont15\">Con il provvedimento depositato dal Collegio, presieduto dalla dott.ssa Caterina Grimaldi di Terresena<\/span><\/span><span class=\"s4\"><span class=\"bumpedFont15\">,<\/span><\/span><span class=\"s4\"><span class=\"bumpedFont15\">composto anche dal <\/span><\/span><span class=\"s4\"><span class=\"bumpedFont15\">giudice dott. Giulio Corsini e <\/span><\/span><span class=\"s4\"><span class=\"bumpedFont15\">dal <\/span><\/span><span class=\"s4\"><span class=\"bumpedFont15\">relatore dott. Riccardo Trombetta, <\/span><\/span><span class=\"s4\"><span class=\"bumpedFont15\">\u00e8 stata disposta l\u2019estromissione dal giudizio dell\u2019Avvocatura dello Stato, in rappresentanza della Prefettura e dell\u2019ufficio elettorale<\/span><\/span><span class=\"s4\"><span class=\"bumpedFont15\">e<\/span><\/span> <span class=\"s4\"><span class=\"bumpedFont15\">per questo disposta la condanna alle spese dei ricorrenti<\/span><\/span><span class=\"s4\"><span class=\"bumpedFont15\">, circa 800 euro ciascuno, <\/span><\/span><span class=\"s4\"><span class=\"bumpedFont15\">nei confronti dell\u2019Avvocatura dello Stato, <\/span><\/span><span class=\"s4\"><span class=\"bumpedFont15\">ma \u00e8 stato ritenuto fondato il motivo <\/span><\/span><span class=\"s4\"><span class=\"bumpedFont15\">di ricorso <\/span><\/span><span class=\"s4\"><span class=\"bumpedFont15\">con cui \u00e8 stata eccepita l\u2019ineleggibilit\u00e0 di De Domenico, per non essersi dimesso tempestivamente dall\u2019incarico di Direttore generale dell\u2019Universit\u00e0 di Messina, <\/span><\/span><span class=\"s4\"><span class=\"bumpedFont15\">per effetto<\/span><\/span> <span class=\"s4\"><span class=\"bumpedFont15\">della d<\/span><\/span><span class=\"s4\"><span class=\"bumpedFont15\">isposizione di cui al comma 1 bis dell&#8217;art. 10 della legge regionale n. 29\/1951, che prevede l&#8217;ineleggibilit\u00e0 dei dirigenti degli enti non territoriali, anche senza scopo di lucro, che godono di contributi da parte della Regione Siciliana<\/span><\/span><span class=\"s4\"><span class=\"bumpedFont15\">.<\/span><\/span><span class=\"s4\"><span class=\"bumpedFont15\"> \u00a0 \u00a0 \u00a0 \u00a0 \u00a0 \u00a0 \u00a0 <\/span><\/span><\/p>\n<p class=\"s2\" style=\"text-align: justify;\"><span class=\"s4\"><span class=\"bumpedFont15\">Il Tribunale ha disatteso sul punto le difese di De Domenico, <\/span><\/span><span class=\"s4\"><span class=\"bumpedFont15\">rappresentato <\/span><\/span><span class=\"s4\"><span class=\"bumpedFont15\">dall\u2019avv. <\/span><\/span><span class=\"s4\"><span class=\"bumpedFont15\">Mario <\/span><\/span><span class=\"s4\"><span class=\"bumpedFont15\">Caldarera e ritenuto che<\/span><\/span><span class=\"s4\"><span class=\"bumpedFont15\">, sulla base della legge regionale,<\/span><\/span><span class=\"s4\"><span class=\"bumpedFont15\"> esistessero tutti i presupposti per la decadenza ed il subentro di Laccoto, ma ha ritenuto <\/span><\/span><span class=\"s4\"><span class=\"bumpedFont15\">non manifestamente infondata la questione di legittimit\u00e0 costituzionale della <\/span><\/span><span class=\"s4\"><span class=\"bumpedFont15\">normativa regionale siciliana<\/span><\/span><span class=\"s4\"><span class=\"bumpedFont15\">,<\/span><\/span> <span class=\"s4\"><span class=\"bumpedFont15\">in quanto <\/span><\/span><span class=\"s4\"><span class=\"bumpedFont15\">diversa da quella nazionale<\/span><\/span><span class=\"s4\"><span class=\"bumpedFont15\">,<\/span><\/span><span class=\"s4\"><span class=\"bumpedFont15\"> che <\/span><\/span><span class=\"s4\"><span class=\"bumpedFont15\">per il <\/span><\/span><span class=\"s4\"><span class=\"bumpedFont15\">caso in esame prevede la pi\u00f9 mite condizione d<\/span><\/span><span class=\"s4\"><span class=\"bumpedFont15\">ell\u2019<\/span><\/span><span class=\"s4\"><span class=\"bumpedFont15\">incompatibilit\u00e0 in luogo di quella d<\/span><\/span><span class=\"s4\"><span class=\"bumpedFont15\">ell\u2019<\/span><\/span><span class=\"s4\"><span class=\"bumpedFont15\">ineleggibilit\u00e0.<\/span><\/span><\/p>\n<p class=\"s2\" style=\"text-align: justify;\"><span class=\"s4\"><span class=\"bumpedFont15\">C<\/span><\/span><span class=\"s4\"><span class=\"bumpedFont15\">i\u00f2 che <\/span><\/span><span class=\"s4\"><span class=\"bumpedFont15\">\u00e8 <\/span><\/span><span class=\"s4\"><span class=\"bumpedFont15\">appar<\/span><\/span><span class=\"s4\"><span class=\"bumpedFont15\">so<\/span><\/span><span class=\"s4\"><span class=\"bumpedFont15\"> strano e che<\/span><\/span><span class=\"s4\"><span class=\"bumpedFont15\">,<\/span><\/span><span class=\"s4\"><span class=\"bumpedFont15\"> secondo indiscrezioni<\/span><\/span><span class=\"s4\"><span class=\"bumpedFont15\">,<\/span><\/span><span class=\"s4\"><span class=\"bumpedFont15\"> potrebbe portare alla presentazione di un esposto alla magistratura<\/span><\/span><span class=\"s4\"><span class=\"bumpedFont15\">,<\/span><\/span><span class=\"s4\"><span class=\"bumpedFont15\"> \u00e8 la tempistica e le modalit\u00e0 con cui si \u00e8 giunt<\/span><\/span><span class=\"s4\"><span class=\"bumpedFont15\">i<\/span><\/span><span class=\"s4\"><span class=\"bumpedFont15\"> alla sospensione del giudizio fino alla pronuncia della Corte <\/span><\/span><span class=\"s4\"><span class=\"bumpedFont15\">Costituzionale<\/span><\/span><span class=\"s4\"><span class=\"bumpedFont15\">. D<\/span><\/span><span class=\"s4\"><span class=\"bumpedFont15\">opo un primo rinvio, <\/span><\/span><span class=\"s4\"><span class=\"bumpedFont15\">la causa <\/span><\/span><span class=\"s4\"><span class=\"bumpedFont15\">\u00e8 stata <\/span><\/span><span class=\"s4\"><span class=\"bumpedFont15\">trattenuta in decisione all\u2019udienza del 20.04.2018, al termine della quale era lecito aspettarsi la definizione d<\/span><\/span><span class=\"s4\"><span class=\"bumpedFont15\">el <\/span><\/span><span class=\"s4\"><span class=\"bumpedFont15\">contenzioso elettorale che vede all\u2019ARS un deputato potenzialmente ineleggibile<\/span><\/span> <span class=\"s4\"><span class=\"bumpedFont15\">e quindi in gioco <\/span><\/span><span class=\"s4\"><span class=\"bumpedFont15\">diritti costituzionalmente garantiti<\/span><\/span><span class=\"s4\"><span class=\"bumpedFont15\">, <\/span><\/span><span class=\"s4\"><span class=\"bumpedFont15\">invece <\/span><\/span><span class=\"s4\"><span class=\"bumpedFont15\">il Collegio ha ritenuto di non <\/span><\/span><span class=\"s4\"><span class=\"bumpedFont15\">assumere <\/span><\/span><span class=\"s4\"><span class=\"bumpedFont15\">in quella sede la <\/span><\/span><span class=\"s4\"><span class=\"bumpedFont15\">decisione<\/span><\/span><span class=\"s4\"><span class=\"bumpedFont15\">, <\/span><\/span><span class=\"s4\"><span class=\"bumpedFont15\">adottando <\/span><\/span><span class=\"s4\"><span class=\"bumpedFont15\">un\u2019ordinanza con la quale ha messo in dubbio la <\/span><\/span><span class=\"s4\"><span class=\"bumpedFont15\">sussistenza della <\/span><\/span><span class=\"s4\"><span class=\"bumpedFont15\">legittimazione ad esercitare l\u2019azione popolare<\/span><\/span><span class=\"s4\"><span class=\"bumpedFont15\"> dei ricorrenti<\/span><\/span><span class=\"s4\"><span class=\"bumpedFont15\">, <\/span><\/span><span class=\"s4\"><span class=\"bumpedFont15\">ipotizzando <\/span><\/span><span class=\"s4\"><span class=\"bumpedFont15\">che l\u2019unico che avrebbe potuto fare ricorso, per avere un interesse diretto, era Laccoto, che, per\u00f2, non aveva ritenuto di impugnare la proclamazione di De Deminico.<\/span><\/span><span class=\"s4\"><span class=\"bumpedFont15\">Questa tesi sin da subito \u00e8 sembrata azzardata, non fosse altro che per l\u2019esistenza di un precedente di un collegio presieduto dal medesimo presidente, Caterina Grimaldi di Terresena <\/span><\/span><span class=\"s4\"><span class=\"bumpedFont15\">(<\/span><\/span><span class=\"s4\"><span class=\"bumpedFont15\">Tribunale di Palermo, Ordinanza 18 novembre 2014, n. 11692 nel ri<\/span><\/span><span class=\"s4\"><span class=\"bumpedFont15\">corso recante n. 3796\/2014 R.G.<\/span><\/span><span class=\"s4\"><span class=\"bumpedFont15\">)<\/span><\/span><span class=\"s4\"><span class=\"bumpedFont15\">.<\/span><\/span> <span class=\"s4\"><span class=\"bumpedFont15\">Ma, le anomalie non sono finite qui. All\u2019<\/span><\/span><span class=\"s4\"><span class=\"bumpedFont15\">udienza prevista per il giorno 06.07.2018, <\/span><\/span><span class=\"s4\"><span class=\"bumpedFont15\">cui il Tribunale ha rimesso le parti per interloquire sulla eccezione di inammissibilit\u00e0 dell\u2019azione popolare sollevata d\u2019ufficio, <\/span><\/span><span class=\"s4\"><span class=\"bumpedFont15\">il Tribunale <\/span><\/span><span class=\"s4\"><span class=\"bumpedFont15\">ha ritenuto di dovere rinviare la decisione per la terza volta, in quanto, non risultava agli atti la prova della notifica dell\u2019ordinanza e, quindi, dell\u2019udienza, all\u2019Avvocatura dello Stato<\/span><\/span><span class=\"s4\"><span class=\"bumpedFont15\">, poi estromessa dal giudizio<\/span><\/span><span class=\"s4\"><span class=\"bumpedFont15\">. La causa \u00e8 stata rinviata al<\/span><\/span><span class=\"s4\"><span class=\"bumpedFont15\">14.09.2018, <\/span><\/span><span class=\"s4\"><span class=\"bumpedFont15\">con termine all\u2019<\/span><\/span><span class=\"s4\"><span class=\"bumpedFont15\">A<\/span><\/span><span class=\"s4\"><span class=\"bumpedFont15\">vvocatura<\/span><\/span><span class=\"s4\"><span class=\"bumpedFont15\">, ove ne avesse avuto interesse, a fare le proprie deduzioni in ordine alla sollevata <\/span><\/span><span class=\"s4\"><span class=\"bumpedFont15\">eccezione di inammissibilit\u00e0.<\/span><\/span> <span class=\"s4\"><span class=\"bumpedFont15\">Altra anomalia, l\u2019Avvocatura, da un lato ha chiesto l\u2019estromissione dal giudizio, per difetto di legittimazione e di interesse, dall\u2019altro ha depositato una corposa memoria con cui<\/span><\/span><span class=\"s4\"><span class=\"bumpedFont15\">, contraddittoriamente,<\/span><\/span><span class=\"s4\"><span class=\"bumpedFont15\"> ha avallato la tesi dell\u2019inammissibilit\u00e0 dei ricorsi per la mancata previsione in Sicilia dell\u2019azione popolare. All\u2019udienza del 14 settembre la causa, dopo la discussione delle parti, \u00e8 stata posta in decisione<\/span><\/span><span class=\"s4\"><span class=\"bumpedFont15\"> e \u00a0<\/span><\/span><span class=\"s4\"><span class=\"bumpedFont15\">con il provvedimento del 12.10.2018, <\/span><\/span><span class=\"s4\"><span class=\"bumpedFont15\">il problema dell\u2019ammissibilit\u00e0 del ricorso <\/span><\/span><span class=\"s4\"><span class=\"bumpedFont15\">\u00e8 stato <\/span><\/span><span class=\"s4\"><span class=\"bumpedFont15\">agevolmente superato <\/span><\/span><span class=\"s4\"><span class=\"bumpedFont15\">con il richiamo alle difese dei ricorrenti sul punto, mentre, ignorando del tutto le difese dei ricorrenti sulla questione di legittimit\u00e0<\/span><\/span><span class=\"s4\"><span class=\"bumpedFont15\">, <\/span><\/span><span class=\"s4\"><span class=\"bumpedFont15\">la palla \u00e8 <\/span><\/span><span class=\"s4\"><span class=\"bumpedFont15\">stata <\/span><\/span><span class=\"s4\"><span class=\"bumpedFont15\">passata alla Corte Costituzionale<\/span><\/span><span class=\"s4\"><span class=\"bumpedFont15\">, che per\u00f2, nei diversi precedenti <\/span><\/span><span class=\"s4\"><span class=\"bumpedFont15\">citat<\/span><\/span><span class=\"s4\"><span class=\"bumpedFont15\">i<\/span><\/span><span class=\"s4\"><span class=\"bumpedFont15\"> da<\/span><\/span><span class=\"s4\"><span class=\"bumpedFont15\">i<\/span><\/span><span class=\"s4\"><span class=\"bumpedFont15\"> ricorrenti<\/span><\/span> <span class=\"s4\"><span class=\"bumpedFont15\">ha gi\u00e0 riconosciuto <\/span><\/span><span class=\"s4\"><span class=\"bumpedFont15\">la <\/span><\/span><span class=\"s4\"><span class=\"bumpedFont15\">legittimit\u00e0 dell<\/span><\/span><span class=\"s4\"><span class=\"bumpedFont15\">e<\/span><\/span><span class=\"s4\"><span class=\"bumpedFont15\"> norm<\/span><\/span><span class=\"s4\"><span class=\"bumpedFont15\">e che prevedono, per le singole regioni ed a maggior ragione per quelle a statuto speciale come la Sicilia, diverse e pi\u00f9 rigorose cause di ineleggibilit\u00e0 rispetto alla normativa nazionale<\/span><\/span><span class=\"s4\"><span class=\"bumpedFont15\">.<\/span><\/span><\/p>\n<p class=\"s2\" style=\"text-align: justify;\"><span class=\"s4\"><span class=\"bumpedFont15\">A questo punto<\/span><\/span> <span class=\"s4\"><span class=\"bumpedFont15\">i tempi tecnici per la pronuncia della Corte <\/span><\/span><span class=\"s4\"><span class=\"bumpedFont15\">Costituzionale, \u00a0potrebbero essere nell\u2019ordine di 8<\/span><\/span><span class=\"s4\"><span class=\"bumpedFont15\">mesi, ma <\/span><\/span><span class=\"s4\"><span class=\"bumpedFont15\">i dubbi sui tempi<\/span><\/span><a name=\"_GoBack\"><\/a><span class=\"s4\"><span class=\"bumpedFont15\">, insieme alle <\/span><\/span><span class=\"s4\"><span class=\"bumpedFont15\">possibili anomalie sopra evidenziate, sembra <\/span><\/span><span class=\"s4\"><span class=\"bumpedFont15\">stiano ispirando il deposito di un esposto volto a sottoporre la questione all\u2019attenzione degli organi inquirenti, con trasmissione anche del Bando pubblicato il 9.1.2018 e dell\u2019incarico del direttore generale supplente dell\u2019Ateneo messinese. Come \u00e8 noto, d<\/span><\/span><span class=\"s4\"><span class=\"bumpedFont15\">opo l\u2019elezione all\u2019Ars <\/span><\/span><span class=\"s4\"><span class=\"bumpedFont15\">De Domenico <\/span><\/span><span class=\"s4\"><span class=\"bumpedFont15\">si \u00e8 messo in aspettativa e l\u2019Ateneo ha bandito un concorso a tempo che ha suscitato <\/span><\/span><span class=\"s4\"><span class=\"bumpedFont15\">diverse <\/span><\/span><span class=\"s4\"><span class=\"bumpedFont15\">polemic<\/span><\/span><span class=\"s4\"><span class=\"bumpedFont15\">he, ed anche il Fatto Quotidiano ha riportato la notizia, <\/span><\/span><span class=\"s4\"><span class=\"bumpedFont15\">poich\u00e9 \u00e8 apparso come un modo per \u201cconservare\u201d il posto al deputato in attesa dell\u2019esito del ricorso<\/span><\/span><span class=\"s4\"><span class=\"bumpedFont15\">. A<\/span><\/span><span class=\"s4\"><span class=\"bumpedFont15\">ddirittura, nel<\/span><\/span><span class=\"s4\"><span class=\"bumpedFont15\">l\u2019incarico del direttore supplente, <\/span><\/span><span class=\"s4\"><span class=\"bumpedFont15\">sembra <\/span><\/span><span class=\"s4\"><span class=\"bumpedFont15\">che l\u2019Ateneo abbia avuto la lungimiranza di prevedere<\/span><\/span> <span class=\"s4\"><span class=\"bumpedFont15\">la rimessione degli atti alla Corte Costituzionale, tanto che la collocazione di De Domenico in aspettativa<\/span><\/span><span class=\"s4\"><span class=\"bumpedFont15\">, ai sensi dell&#8217;art. 10-sexies della legge regionale n. 29\/1951, dal 15 dicembre 2017 al 19 novembre 2018<\/span><\/span><span class=\"s4\"><span class=\"bumpedFont15\">, prevede gi\u00e0 una eventuale proroga dell\u2019aspettativa <\/span><\/span><span class=\"s4\"><span class=\"bumpedFont15\">fino ad un massimo di otto mesi.<\/span><\/span><span class=\"s4\"><span class=\"bumpedFont15\">L\u2019Ateneo \u00e8 riuscito a blindare De Domenico. Il neo deputato pu\u00f2 continuare a giocare il suo match con Laccoto, sapendo che se lo perde ha ancora tempo per decidere di tornare a ricoprire l\u2019incarico di direttore regionale, che, per\u00f2, in ragione della tempistica prevista dalla legge, avrebbe gi\u00e0 perso anche se la sua posizione fosse stata di incompatibilit\u00e0 anzich\u00e9 di ineleggibilit\u00e0. \u00a0<\/span><\/span><\/p>\n","protected":false},"excerpt":{"rendered":"<p>Il Tribunale dichiara De Domenico ineleggibile secondo la legge regionale in vigore, ma rimette gli atti alla Corte Costituzionale per vagliarne la costituzionalit\u00e0 e per legge viene sospesa la decisione sulla decadenza. Subito dopo la proclamazione di Franco De Domenico alla carica di deputato regionale, tre cittadini hanno presentato due ricorsi, esercitando l\u2019azione popolare prevista [&hellip;]<\/p>\n","protected":false},"author":2,"featured_media":11030,"comment_status":"closed","ping_status":"open","sticky":false,"template":"","format":"standard","meta":{"ub_ctt_via":"","_mi_skip_tracking":false},"categories":[19,4],"tags":[],"featured_image_src":"https:\/\/www.messinaoggi.it\/website\/wp-content\/uploads\/2017\/11\/de-domenico-RRP_4328.jpg","author_info":{"display_name":"Redazione","author_link":"https:\/\/www.messinaoggi.it\/website\/author\/redazione\/"},"digistream_id":0,"digistream":false,"_links":{"self":[{"href":"https:\/\/www.messinaoggi.it\/website\/wp-json\/wp\/v2\/posts\/25480"}],"collection":[{"href":"https:\/\/www.messinaoggi.it\/website\/wp-json\/wp\/v2\/posts"}],"about":[{"href":"https:\/\/www.messinaoggi.it\/website\/wp-json\/wp\/v2\/types\/post"}],"author":[{"embeddable":true,"href":"https:\/\/www.messinaoggi.it\/website\/wp-json\/wp\/v2\/users\/2"}],"replies":[{"embeddable":true,"href":"https:\/\/www.messinaoggi.it\/website\/wp-json\/wp\/v2\/comments?post=25480"}],"version-history":[{"count":0,"href":"https:\/\/www.messinaoggi.it\/website\/wp-json\/wp\/v2\/posts\/25480\/revisions"}],"wp:featuredmedia":[{"embeddable":true,"href":"https:\/\/www.messinaoggi.it\/website\/wp-json\/wp\/v2\/media\/11030"}],"wp:attachment":[{"href":"https:\/\/www.messinaoggi.it\/website\/wp-json\/wp\/v2\/media?parent=25480"}],"wp:term":[{"taxonomy":"category","embeddable":true,"href":"https:\/\/www.messinaoggi.it\/website\/wp-json\/wp\/v2\/categories?post=25480"},{"taxonomy":"post_tag","embeddable":true,"href":"https:\/\/www.messinaoggi.it\/website\/wp-json\/wp\/v2\/tags?post=25480"}],"curies":[{"name":"wp","href":"https:\/\/api.w.org\/{rel}","templated":true}]}}