{"id":25469,"date":"2018-10-13T09:20:49","date_gmt":"2018-10-13T07:20:49","guid":{"rendered":"http:\/\/www.messinaoggi.it\/website\/?p=25469"},"modified":"2018-10-13T09:20:49","modified_gmt":"2018-10-13T07:20:49","slug":"servizi-sociali-la-uil-fpl-a-de-luca-il-taglio-e-inaccettabile","status":"publish","type":"post","link":"https:\/\/www.messinaoggi.it\/website\/2018\/10\/13\/servizi-sociali-la-uil-fpl-a-de-luca-il-taglio-e-inaccettabile\/","title":{"rendered":"Servizi Sociali, la Uil-Fpl a De Luca: &quot;Il taglio \u00e8 inaccettabile&quot;"},"content":{"rendered":"<p class=\"p1\" style=\"text-align: justify;\"><span class=\"s1\">\u201cIl taglio dei servizi sociali, decisione unilaterale inaccettabile, conseguenza di pregresse scelte amministrative errate che hanno responsabilit\u00e0 ben individuabili, e che adesso rischiano di essere pagate solo da utenti e operatori. Non crediamo che i cittadini messinesi abbiano eletto un Commissario liquidatore, le chiacchere non ci interessano e non ci interessa nemmeno il gioco politico, non abbiamo il problema di andarcene a casa. Probabilmente le sfugge che la citt\u00e0 di Messina \u00e8 tra i Comuni siciliani e nazionali quella che spende meno per i servizi sociali (dati ISTAT)\u201d.<\/span><div id=\"div-gpt-ad-Messinaoggi.it-DSK-300x250-corpoart\" style=\"text-align:center;margin:0 auto;\"><\/div><\/p>\n<p class=\"p1\" style=\"text-align: justify;\"><span class=\"s1\">Lo scrivono in una nota stampa <b>Pippo Calapai<\/b> e <b>Laura Strano<\/b>, rispettivamente segretario generale e responsabile Terzo settore della Uil-Fpl Messina.<\/span><div id=\"videoincontent\" style=\"clear:both\";><\/div><\/p>\n<p class=\"p1\" style=\"text-align: justify;\"><span class=\"s1\">\u201cAnche il sindaco conosceva le problematiche della citt\u00e0 e in campagna elettorale aveva garantito che nessuno si sarebbe mai dovuto preoccupare di perdere il posto di lavoro, e adesso a rischiare non sono quelle che lei definisce \u2018cricche politiche\u2019 che hanno garantito il clientelismo con inutili e onerose consulenze, ma coloro che ogni mattina hanno erogato servizi, come testimoniato dagli stessi utenti, servizi che possono e devono essere potenziati e migliorati ma non tagliati. La capacit\u00e0 di sapere amministrare si esprime non con i tagli (tagliare \u00e8 semplice) ma con l\u2019efficiente e coraggiosa organizzazione e gestione delle risorse a disposizione.\u00a0 Come mai, dato che ci sono tanti sprechi, l\u2019unica cosa che non \u00e8 stato ancora toccato \u00e8 il Dipartimento dei servizi sociali il cui Dirigente \u00e8 stato assunto proprio per ovviare a questi problemi? Chi scrive ha gi\u00e0 denunciato la dotazione organica di <b>Casa Serena<\/b> rimodulata con due determinazioni dirigenziali frutto di un compromesso scellerato che porta la firma di dirigenti del Comune che hanno garantito la permanenza nella struttura di inutili profili professionali (tre caldaisti, due elettricisti, tre portieri). Ma la struttura non va chiusa. Al contrario va potenziata, resa pi\u00f9 efficiente e implementata dal momento che il Comune vi ha investito quasi 1 milione di euro.<\/span><\/p>\n<p class=\"p1\" style=\"text-align: justify;\"><span class=\"s1\">L\u2019appalto dell\u2019assistenza domiciliare anziani definito \u2018vuoto per pieno\u2019 abbia la capacit\u00e0 il sindaco di di farlo diventare pieno, garantendo pubblicit\u00e0 e trasparenza dei servizi sociali. Come mai i procedimenti dei servizi sociali non sono ancora stati pubblicati per garantire uniforme e trasparente l\u2019erogazione dei servizi?\u201d<\/span><\/p>\n<p class=\"p1\" style=\"text-align: justify;\"><span class=\"s1\">La Uil-Fpl chiede infine che vengano garantiti i servizi a tutta la collettivit\u00e0: \u201cL\u2019unica mission del Comune \u00e8 garantire servizi a tutta la collettivit\u00e0, e questo \u00e8 un suo preciso dovere, soprattutto ai pi\u00f9 deboli perch\u00e9 il Comune non \u00e8 un azienda privata, non deve garantire utili e lei non \u00e8 un Manager, e i servizi sociali sono lo specchio della civilt\u00e0 di una comunit\u00e0. \u00a0Si dica tutta la verit\u00e0 ai cittadini messinesi quantificando il costo del piano di riequilibrio in termini di interessi passivi e che con i soldi degli interessi (decine di milioni di euro circa) invece potremmo implementare i servizi sociali garantendo il soddisfacimento di bisogni , e mantenendo i posti di lavoro. \u00a0Altro che sognare Messina bella e produttiva! Da un sogno stiamo precipitando in un incubo. Non vorremmo che il salva Messina che in verit\u00e0 \u00e8 un piano di riequilibrio che comporta taglio di servizi e lacrime e sangue per cittadini e lavoratori,\u00a0 comporti alla fine solo il salvataggio delle cricche\u201d.<\/span><\/p>\n","protected":false},"excerpt":{"rendered":"<p>\u201cIl taglio dei servizi sociali, decisione unilaterale inaccettabile, conseguenza di pregresse scelte amministrative errate che hanno responsabilit\u00e0 ben individuabili, e che adesso rischiano di essere pagate solo da utenti e operatori. Non crediamo che i cittadini messinesi abbiano eletto un Commissario liquidatore, le chiacchere non ci interessano e non ci interessa nemmeno il gioco politico, [&hellip;]<\/p>\n","protected":false},"author":2,"featured_media":2496,"comment_status":"closed","ping_status":"open","sticky":false,"template":"","format":"standard","meta":{"ub_ctt_via":"","_mi_skip_tracking":false},"categories":[6],"tags":[],"featured_image_src":"https:\/\/www.messinaoggi.it\/website\/wp-content\/uploads\/2017\/06\/Palazzo-Zanca-2-2.jpg","author_info":{"display_name":"Redazione","author_link":"https:\/\/www.messinaoggi.it\/website\/author\/redazione\/"},"digistream_id":0,"digistream":false,"_links":{"self":[{"href":"https:\/\/www.messinaoggi.it\/website\/wp-json\/wp\/v2\/posts\/25469"}],"collection":[{"href":"https:\/\/www.messinaoggi.it\/website\/wp-json\/wp\/v2\/posts"}],"about":[{"href":"https:\/\/www.messinaoggi.it\/website\/wp-json\/wp\/v2\/types\/post"}],"author":[{"embeddable":true,"href":"https:\/\/www.messinaoggi.it\/website\/wp-json\/wp\/v2\/users\/2"}],"replies":[{"embeddable":true,"href":"https:\/\/www.messinaoggi.it\/website\/wp-json\/wp\/v2\/comments?post=25469"}],"version-history":[{"count":0,"href":"https:\/\/www.messinaoggi.it\/website\/wp-json\/wp\/v2\/posts\/25469\/revisions"}],"wp:featuredmedia":[{"embeddable":true,"href":"https:\/\/www.messinaoggi.it\/website\/wp-json\/wp\/v2\/media\/2496"}],"wp:attachment":[{"href":"https:\/\/www.messinaoggi.it\/website\/wp-json\/wp\/v2\/media?parent=25469"}],"wp:term":[{"taxonomy":"category","embeddable":true,"href":"https:\/\/www.messinaoggi.it\/website\/wp-json\/wp\/v2\/categories?post=25469"},{"taxonomy":"post_tag","embeddable":true,"href":"https:\/\/www.messinaoggi.it\/website\/wp-json\/wp\/v2\/tags?post=25469"}],"curies":[{"name":"wp","href":"https:\/\/api.w.org\/{rel}","templated":true}]}}