{"id":254685,"date":"2025-11-14T13:52:30","date_gmt":"2025-11-14T12:52:30","guid":{"rendered":"http:\/\/www.messinaoggi.it\/website\/?p=254685"},"modified":"2025-11-14T13:52:40","modified_gmt":"2025-11-14T12:52:40","slug":"il-corelli-inaugura-il-nuovo-anno-con-un-concerto-gratuito","status":"publish","type":"post","link":"https:\/\/www.messinaoggi.it\/website\/2025\/11\/14\/il-corelli-inaugura-il-nuovo-anno-con-un-concerto-gratuito\/","title":{"rendered":"Il Corelli inaugura il nuovo anno con un concerto gratuito"},"content":{"rendered":"\n<p>Marted\u00ec <strong>18 novembre<\/strong> prossimo\u00a0con inizio alle 18.30 al\u00a0Teatro Vittorio Emanuele, si terr\u00e0\u00a0la cerimonia inaugurale dell\u2019Anno Accademico del Conservatorio Corelli di Messina.<div id=\"div-gpt-ad-Messinaoggi.it-DSK-300x250-corpoart\" style=\"text-align:center;margin:0 auto;\"><\/div><\/p>\n\n\n\n<p>I particolari dell\u2019inaugurazione, che vedr\u00e0 l\u2019intervento della senatrice Maria Alessandra Gallone delegata Afam (Alta formazione artistica musicale e coreutica) del Ministero dell\u2019Universit\u00e0 e della Ricerca, sono stati illustrati oggi nel corso di una conferenza stampa che si \u00e8 tenuta nel bookshop del Teatro.<div id=\"videoincontent\" style=\"clear:both\";><\/div><\/p>\n\n\n\n<p>Presenti all\u2019incontro con i giornalisti il presidente del Corelli Egidio Bernava Morante, il direttore Maestro Antonino Averna, il vice direttore Matteo Pappalardo, il componente del Cda Carmelo Mobilia ed il presidente dell\u2019Ente Teatro Vittorio Emanuele Orazio Miloro.<\/p>\n\n\n\n<p>\u201cI<em>l Conservatorio \u00e8 l\u2019istituzione di alta formazione della musica della citt\u00e0 e per la citt\u00e0- ha dichiarato il <\/em><em><strong>presidente Bernava-<\/strong><\/em><em> Possiamo definirla l\u2019universit\u00e0 della musica ed \u00e8 per noi motivo di grande orgoglio inaugurare l\u2019anno accademico con un evento che si concluder\u00e0 con il concerto dell\u2019Orchestra Sinfonica del Corelli. Sul palco ci saranno 60 studenti e sar\u00e0 una gioia ascoltarli. Sottolineo che il Conservatorio non \u00e8 solo lirica, ma anche pop, rock, jazz e tanto tanto altro. Non \u00e8 un caso che l\u2019inaugurazione l\u2019abbiamo voluta aperta a tutta la citt\u00e0 e invitiamo tutti al Vittorio Emanuele\u201d.<\/em><\/p>\n\n\n\n<p>Per la prima volta il concerto dell\u2019Orchestra Sinfonica del Corelli sar\u00e0 diretto, come spiegato dal <strong>Maestro Antonino Averna<\/strong> da due studenti del Conservatorio, Coralie Camuti e Antonino Scandurra. \u201c <em>Il Corelli \u00e8 l\u2019unico conservatorio della Sicilia, insieme a Palermo ad avere un corso di direttori d\u2019orchestra, un vanto per la citt\u00e0- ha aggiunto Averna- Ci saranno anche due solisti, Maria Chiara Giordano al corno e Andrea Cannata al pianoforte\u201d<\/em>.<\/p>\n\n\n\n<p>Con la cerimonia di marted\u00ec 18 novembre si consolida la sinergia tra il Corelli ed il Vittorio Emanuele, come sottolineato dal presidente <strong>Orazio Miloro<\/strong>: \u201c<em>Un dialogo ed un percorso importante con l\u2019alta istituzione che si occupa della formazione musicale. L\u2019inaugurazione sar\u00e0 anche un modo per incontrare quegli studenti che, ci auguriamo potranno essere futuri protagonisti del palcoscenico del Teatro\u201d<\/em>.<\/p>\n\n\n\n<p>La sinergia tra Teatro e Conservatorio porter\u00e0 alla coproduzione, nel 2026 del <strong>Rigoletto<\/strong>, in programma al Vittorio Emanuele, frutto di una collaborazione che gi\u00e0 con la Cavalleria Rusticana ha registrato un importante successo.<\/p>\n\n\n\n<p>L\u2019inaugurazione di marted\u00ec 18 avr\u00e0 inizio alle 18.30 con gli interventi della governance del Corelli e delle autorit\u00e0. A seguire l\u2019atteso concerto dell\u2019Orchestra Sinfonica del Corelli (musiche di R.Strauss e Beethoven.<\/p>\n\n\n\n<p><strong>L\u2019ingresso \u00e8 libero.<\/strong><\/p>\n","protected":false},"excerpt":{"rendered":"<p>Marted\u00ec 18 novembre prossimo\u00a0con inizio alle 18.30 al\u00a0Teatro Vittorio Emanuele, si terr\u00e0\u00a0la cerimonia inaugurale dell\u2019Anno Accademico del Conservatorio Corelli di Messina. I particolari dell\u2019inaugurazione, che vedr\u00e0 l\u2019intervento della senatrice Maria Alessandra Gallone delegata Afam (Alta formazione artistica musicale e coreutica) del Ministero dell\u2019Universit\u00e0 e della Ricerca, sono stati illustrati oggi nel corso di una conferenza [&hellip;]<\/p>\n","protected":false},"author":2,"featured_media":254686,"comment_status":"open","ping_status":"open","sticky":false,"template":"","format":"standard","meta":{"ub_ctt_via":"","_mi_skip_tracking":false},"categories":[5],"tags":[602],"featured_image_src":"https:\/\/www.messinaoggi.it\/website\/wp-content\/uploads\/2025\/11\/presentazione-inaugurazione-anno-accademico-Conservatorio-Corelli.jpg","author_info":{"display_name":"Redazione","author_link":"https:\/\/www.messinaoggi.it\/website\/author\/redazione\/"},"digistream_id":0,"digistream":false,"_links":{"self":[{"href":"https:\/\/www.messinaoggi.it\/website\/wp-json\/wp\/v2\/posts\/254685"}],"collection":[{"href":"https:\/\/www.messinaoggi.it\/website\/wp-json\/wp\/v2\/posts"}],"about":[{"href":"https:\/\/www.messinaoggi.it\/website\/wp-json\/wp\/v2\/types\/post"}],"author":[{"embeddable":true,"href":"https:\/\/www.messinaoggi.it\/website\/wp-json\/wp\/v2\/users\/2"}],"replies":[{"embeddable":true,"href":"https:\/\/www.messinaoggi.it\/website\/wp-json\/wp\/v2\/comments?post=254685"}],"version-history":[{"count":1,"href":"https:\/\/www.messinaoggi.it\/website\/wp-json\/wp\/v2\/posts\/254685\/revisions"}],"predecessor-version":[{"id":254687,"href":"https:\/\/www.messinaoggi.it\/website\/wp-json\/wp\/v2\/posts\/254685\/revisions\/254687"}],"wp:featuredmedia":[{"embeddable":true,"href":"https:\/\/www.messinaoggi.it\/website\/wp-json\/wp\/v2\/media\/254686"}],"wp:attachment":[{"href":"https:\/\/www.messinaoggi.it\/website\/wp-json\/wp\/v2\/media?parent=254685"}],"wp:term":[{"taxonomy":"category","embeddable":true,"href":"https:\/\/www.messinaoggi.it\/website\/wp-json\/wp\/v2\/categories?post=254685"},{"taxonomy":"post_tag","embeddable":true,"href":"https:\/\/www.messinaoggi.it\/website\/wp-json\/wp\/v2\/tags?post=254685"}],"curies":[{"name":"wp","href":"https:\/\/api.w.org\/{rel}","templated":true}]}}