{"id":254570,"date":"2025-11-13T12:16:36","date_gmt":"2025-11-13T11:16:36","guid":{"rendered":"http:\/\/www.messinaoggi.it\/website\/?p=254570"},"modified":"2025-11-13T12:16:37","modified_gmt":"2025-11-13T11:16:37","slug":"amianto-killer-giustizia-per-salvatore-patania","status":"publish","type":"post","link":"https:\/\/www.messinaoggi.it\/website\/2025\/11\/13\/amianto-killer-giustizia-per-salvatore-patania\/","title":{"rendered":"Amianto-killer, giustizia per Salvatore Patania"},"content":{"rendered":"\n<p>Dopo anni di battaglie giudiziarie, arriva finalmente giustizia per <strong>Salvatore Patania<\/strong>, <strong>ex operaio<\/strong> del <strong>Polo Petrolchimico Enichem di Priolo Gargallo<\/strong>. La <strong>Corte d\u2019Appello di Catania<\/strong>, in sede di rinvio dalla <strong>Corte di Cassazione<\/strong>, ha condannato l\u2019<strong>INPS <\/strong>a riconoscere i diritti del lavoratore esposto all\u2019amianto.<div id=\"div-gpt-ad-Messinaoggi.it-DSK-300x250-corpoart\" style=\"text-align:center;margin:0 auto;\"><\/div><\/p>\n\n\n\n<p>La decisione accoglie le tesi dell\u2019<strong>Avv. Ezio Bonanni<\/strong>, legale del lavoratore e Presidente dell\u2019<strong>Osservatorio Nazionale Amianto<\/strong>, che aveva gi\u00e0 ottenuto l\u2019annullamento della precedente sentenza della stessa Corte d\u2019Appello, e <strong>segna un passaggio fondamentale nella giurisprudenza<\/strong> in <strong>materia di esposizione professionale all\u2019amianto<\/strong>, stabilendo che il periodo di rischio deve essere determinato in base alle <strong>effettive condizioni di lavoro e alla data delle bonifiche<\/strong> nei siti contaminati.<div id=\"videoincontent\" style=\"clear:both\";><\/div><\/p>\n\n\n\n<p><strong>Una vita di lavoro e di rischio &#8211; <\/strong>Patania ha lavorato <strong>per oltre quindici anni<\/strong> come <strong>operaio montatore<\/strong> alle dipendenze della <strong>Siciltecnica Srl<\/strong> e della <strong>C.L.A.I. Srl<\/strong>, in un contesto industriale fortemente contaminato da amianto. Solo dopo il pensionamento e la diagnosi di <strong>nodulit\u00e0 polmonare<\/strong> ha scoperto di essere stato esposto alla \u201cfibra killer\u201d. Nonostante i riconoscimenti tecnici dell\u2019INAIL, l\u2019INPS aveva negato i benefici contributivi per prepensionamento, ritenendo l\u2019esposizione inferiore ai dieci anni.<\/p>\n\n\n\n<p>Il <strong>ricorso del lavoratore era stato respinto sia in primo grado che in appello<\/strong>, finch\u00e9 l\u2019<strong>Avv. Bonanni<\/strong> non ha portato il caso in <strong>Cassazione<\/strong>, che ha riconosciuto la <strong>validit\u00e0 delle prove documentali <\/strong>e ribaltato le due decisioni <strong>affermando un principio fondamentale<\/strong>: \u201c<em>Il termine ultimo di esposizione all\u2019amianto non pu\u00f2 essere determinato in base all\u2019entrata in vigore della legge 257\/1992, ma deve tener conto delle effettive condizioni di lavoro e delle bonifiche realmente eseguite<\/em>\u201d. La Suprema Corte ha quindi <strong>annullato le sentenze precedenti <\/strong>disponendo un <strong>nuovo giudizio<\/strong>, poi <strong>conclusosi con la condanna dell\u2019ente<\/strong>.<\/p>\n\n\n\n<p><strong>Decisione della Corte<\/strong> &#8211; La Corte d\u2019Appello di Catania ha riformato le precedenti sentenze e ha condannato l\u2019INPS a riconoscere a Patania: <strong>l&#8217;aumento della pensione in media di 400 euro mensili<\/strong> con gli <strong>arretrati degli ultimi 5 anni<\/strong> che ammontano a <strong>25mila euro<\/strong> circa, il diritto alla <strong>rivalutazione contributiva<\/strong>, il <strong>pagamento delle spese di tutti i gradi di giudizio<\/strong>, per un totale di <strong>oltre 17mila<\/strong> <strong>euro<\/strong>,il <strong>rimborso delle spese generali<\/strong> e di quelle della <strong>consulenza tecnica d\u2019ufficio<\/strong> (CTU) del primo grado. \u201c<em>Questa sentenza conferma anni di battaglie per i diritti delle vittime dell\u2019amianto<\/em>,\u201d \u2013 dichiara l\u2019<strong>Avv. Ezio Bonanni<\/strong>. \u201c<em>La Corte ha riaffermato un principio essenziale: la tutela del lavoratore non pu\u00f2 essere sacrificata dietro formalismi o cavilli. Contano le reali condizioni di rischio, non le date sulle carte<\/em>.\u201d<\/p>\n\n\n\n<p>\u201c<em>Ringrazio l\u2019ONA, Calogero Vicario della sede territoriale della Sicilia, l\u2019On. Pippo Gianni,<\/em> <em>componente del Comitato Tecnico scientifico, e soprattutto gli Avv.ti Bonanni e Scuderi<\/em>,\u201d &#8211; dichiara Patania &#8211; \u201c<em>dopo anni di ingiustizie, questa \u00e8 una vittoria storica. L\u2019INPS si \u00e8 accanita contro un lavoratore malato, ma ora la verit\u00e0 \u00e8 stata riconosciuta. Invito i miei ex colleghi a non arrendersi: la nostra voce deve continuare a farsi sentire<\/em>.\u201d<\/p>\n","protected":false},"excerpt":{"rendered":"<p>Dopo anni di battaglie giudiziarie, arriva finalmente giustizia per Salvatore Patania, ex operaio del Polo Petrolchimico Enichem di Priolo Gargallo. La Corte d\u2019Appello di Catania, in sede di rinvio dalla Corte di Cassazione, ha condannato l\u2019INPS a riconoscere i diritti del lavoratore esposto all\u2019amianto. La decisione accoglie le tesi dell\u2019Avv. Ezio Bonanni, legale del lavoratore [&hellip;]<\/p>\n","protected":false},"author":2,"featured_media":254571,"comment_status":"open","ping_status":"open","sticky":false,"template":"","format":"standard","meta":{"ub_ctt_via":"","_mi_skip_tracking":false},"categories":[6],"tags":[3836,3228,11795,11794,150],"featured_image_src":"https:\/\/www.messinaoggi.it\/website\/wp-content\/uploads\/2025\/11\/Salvatore-Patania.jpg","author_info":{"display_name":"Redazione","author_link":"https:\/\/www.messinaoggi.it\/website\/author\/redazione\/"},"digistream_id":0,"digistream":false,"_links":{"self":[{"href":"https:\/\/www.messinaoggi.it\/website\/wp-json\/wp\/v2\/posts\/254570"}],"collection":[{"href":"https:\/\/www.messinaoggi.it\/website\/wp-json\/wp\/v2\/posts"}],"about":[{"href":"https:\/\/www.messinaoggi.it\/website\/wp-json\/wp\/v2\/types\/post"}],"author":[{"embeddable":true,"href":"https:\/\/www.messinaoggi.it\/website\/wp-json\/wp\/v2\/users\/2"}],"replies":[{"embeddable":true,"href":"https:\/\/www.messinaoggi.it\/website\/wp-json\/wp\/v2\/comments?post=254570"}],"version-history":[{"count":1,"href":"https:\/\/www.messinaoggi.it\/website\/wp-json\/wp\/v2\/posts\/254570\/revisions"}],"predecessor-version":[{"id":254572,"href":"https:\/\/www.messinaoggi.it\/website\/wp-json\/wp\/v2\/posts\/254570\/revisions\/254572"}],"wp:featuredmedia":[{"embeddable":true,"href":"https:\/\/www.messinaoggi.it\/website\/wp-json\/wp\/v2\/media\/254571"}],"wp:attachment":[{"href":"https:\/\/www.messinaoggi.it\/website\/wp-json\/wp\/v2\/media?parent=254570"}],"wp:term":[{"taxonomy":"category","embeddable":true,"href":"https:\/\/www.messinaoggi.it\/website\/wp-json\/wp\/v2\/categories?post=254570"},{"taxonomy":"post_tag","embeddable":true,"href":"https:\/\/www.messinaoggi.it\/website\/wp-json\/wp\/v2\/tags?post=254570"}],"curies":[{"name":"wp","href":"https:\/\/api.w.org\/{rel}","templated":true}]}}