{"id":254456,"date":"2025-11-12T10:52:40","date_gmt":"2025-11-12T09:52:40","guid":{"rendered":"http:\/\/www.messinaoggi.it\/website\/?p=254456"},"modified":"2025-11-12T10:52:44","modified_gmt":"2025-11-12T09:52:44","slug":"corelli-venerdi-la-presentazione-del-nuovo-anno-accademico","status":"publish","type":"post","link":"https:\/\/www.messinaoggi.it\/website\/2025\/11\/12\/corelli-venerdi-la-presentazione-del-nuovo-anno-accademico\/","title":{"rendered":"Corelli, venerd\u00ec la presentazione del nuovo anno accademico"},"content":{"rendered":"\n<p>Venerd\u00ec 14 novembre alle 10.30, presso il bookshop del Teatro \u201cVittorio Emanuele\u201d, la conferenza stampa di presentazione dell\u2019Inaugurazione dell\u2019Anno Accademico del Conservatorio \u201cArcangelo Corelli\u201d di Messina.<div id=\"div-gpt-ad-Messinaoggi.it-DSK-300x250-corpoart\" style=\"text-align:center;margin:0 auto;\"><\/div><\/p>\n\n\n\n<p>All\u2019incontro con i giornalisti interverranno il presidente del Conservatorio Corelli Egidio Bernava Morante, il direttore Maestro Antonino Averna ed il presidente dell\u2019Ente Teatro Vittorio Emanuele Orazio Miloro.<div id=\"videoincontent\" style=\"clear:both\";><\/div><\/p>\n\n\n\n<p>L\u2019Inaugurazione dell\u2019Anno Accademico del Conservatorio sar\u00e0 marted\u00ec 18 novembre al Teatro Vittorio Emanuele. La cerimonia istituzionale avr\u00e0 inizio alle 18.30 con gli interventi della governance del \u201cCorelli\u201d e delle Autorit\u00e0. A seguire, l\u2019atteso concerto che vedr\u00e0 protagonista l\u2019Orchestra Sinfonica del Conservatorio messinese.<\/p>\n\n\n\n<p>L\u2019ingresso \u00e8 gratuito.<\/p>\n","protected":false},"excerpt":{"rendered":"<p>Venerd\u00ec 14 novembre alle 10.30, presso il bookshop del Teatro \u201cVittorio Emanuele\u201d, la conferenza stampa di presentazione dell\u2019Inaugurazione dell\u2019Anno Accademico del Conservatorio \u201cArcangelo Corelli\u201d di Messina. All\u2019incontro con i giornalisti interverranno il presidente del Conservatorio Corelli Egidio Bernava Morante, il direttore Maestro Antonino Averna ed il presidente dell\u2019Ente Teatro Vittorio Emanuele Orazio Miloro. L\u2019Inaugurazione dell\u2019Anno [&hellip;]<\/p>\n","protected":false},"author":2,"featured_media":9482,"comment_status":"open","ping_status":"open","sticky":false,"template":"","format":"standard","meta":{"ub_ctt_via":"","_mi_skip_tracking":false},"categories":[5],"tags":[9642,11760,2066],"featured_image_src":"https:\/\/www.messinaoggi.it\/website\/wp-content\/uploads\/2017\/10\/bernavaRRP_0043.jpg","author_info":{"display_name":"Redazione","author_link":"https:\/\/www.messinaoggi.it\/website\/author\/redazione\/"},"digistream_id":0,"digistream":false,"_links":{"self":[{"href":"https:\/\/www.messinaoggi.it\/website\/wp-json\/wp\/v2\/posts\/254456"}],"collection":[{"href":"https:\/\/www.messinaoggi.it\/website\/wp-json\/wp\/v2\/posts"}],"about":[{"href":"https:\/\/www.messinaoggi.it\/website\/wp-json\/wp\/v2\/types\/post"}],"author":[{"embeddable":true,"href":"https:\/\/www.messinaoggi.it\/website\/wp-json\/wp\/v2\/users\/2"}],"replies":[{"embeddable":true,"href":"https:\/\/www.messinaoggi.it\/website\/wp-json\/wp\/v2\/comments?post=254456"}],"version-history":[{"count":1,"href":"https:\/\/www.messinaoggi.it\/website\/wp-json\/wp\/v2\/posts\/254456\/revisions"}],"predecessor-version":[{"id":254457,"href":"https:\/\/www.messinaoggi.it\/website\/wp-json\/wp\/v2\/posts\/254456\/revisions\/254457"}],"wp:featuredmedia":[{"embeddable":true,"href":"https:\/\/www.messinaoggi.it\/website\/wp-json\/wp\/v2\/media\/9482"}],"wp:attachment":[{"href":"https:\/\/www.messinaoggi.it\/website\/wp-json\/wp\/v2\/media?parent=254456"}],"wp:term":[{"taxonomy":"category","embeddable":true,"href":"https:\/\/www.messinaoggi.it\/website\/wp-json\/wp\/v2\/categories?post=254456"},{"taxonomy":"post_tag","embeddable":true,"href":"https:\/\/www.messinaoggi.it\/website\/wp-json\/wp\/v2\/tags?post=254456"}],"curies":[{"name":"wp","href":"https:\/\/api.w.org\/{rel}","templated":true}]}}