{"id":254452,"date":"2025-11-12T10:48:39","date_gmt":"2025-11-12T09:48:39","guid":{"rendered":"http:\/\/www.messinaoggi.it\/website\/?p=254452"},"modified":"2025-11-12T11:17:25","modified_gmt":"2025-11-12T10:17:25","slug":"uil-fpl-a-s-agata-militello-emerse-tante-criticita-allospedale","status":"publish","type":"post","link":"https:\/\/www.messinaoggi.it\/website\/2025\/11\/12\/uil-fpl-a-s-agata-militello-emerse-tante-criticita-allospedale\/","title":{"rendered":"Uil-Fpl a S. Agata Militello: &#8220;Emerse tante criticit\u00e0 all&#8217;ospedale&#8221;"},"content":{"rendered":"\n<p>Incontro sindacale promosso dalla Segreteria Provinciale UIL FPL di Messina, guidata dal Segretario Generale Livio Andronico, all\u2019ospedale di Sant\u2019Agata Militello. Il confronto ha rappresentato un\u2019importante occasione di analisi e dialogo su temi centrali per il personale sanitario, tra cui: rinnovo del Contratto Collettivo Nazionale 2022\/2024 e le motivazioni che hanno portato la UIL FPL a non sottoscrivere l\u2019accordo; principali criticit\u00e0 riscontrate presso il Presidio Ospedaliero e il Distretto Sanitario di Sant\u2019Agata di Militello. Durante l\u2019incontro sono emerse numerose segnalazioni da parte dei lavoratori, in particolare riguardo: grave carenza di personale; limitata presenza di medici specialisti in diversi reparti; crescenti difficolt\u00e0 nel garantire un\u2019assistenza equa, continua e adeguata alle necessit\u00e0 della comunit\u00e0; forte sovraccarico di lavoro a cui sono quotidianamente sottoposti gli operatori sanitari.<div id=\"div-gpt-ad-Messinaoggi.it-DSK-300x250-corpoart\" style=\"text-align:center;margin:0 auto;\"><\/div><\/p>\n\n\n\n<p><br><br>\u201cDire no al contratto 2022\/2024 \u00e8 stato un atto di responsabilit\u00e0 e coraggio: per noi i diritti dei lavoratori sono e resteranno sempre una priorit\u00e0, come sostenuto dalla UIL FPL a livello nazionale. Il nostro impegno \u00e8 quello di individuare e proporre soluzioni concrete alle criticit\u00e0 emerse. La UIL FPL \u00e8 e sar\u00e0 sempre al fianco del Presidio Ospedaliero di Sant\u2019Agata di Militello e di tutto il territorio nebroideo.\u201d<br><br>All\u2019incontro ha preso parte anche il Coordinatore dell\u2019Area Medica Provinciale, Dott. Paolo Todaro, la cui competenza e professionalit\u00e0 rappresentano un punto di riferimento costante per i lavoratori.<br><br>\u201cLa Segreteria UIL FPL di Messina ringrazia sentitamente tutti i lavoratori che hanno partecipato all\u2019assemblea e rinnova l\u2019invito alla massima collaborazione e partecipazione, per continuare a tutelare il diritto alla salute e garantire condizioni di lavoro dignitose. A seguire, la delegazione UIL FPL ha preso parte all\u2019inaugurazione della nuova REMS di Naso, dove l\u2019Organizzazione sindacale rappresenta il 70% dei lavoratori. In tale ambito, la UIL FPL ha gi\u00e0 conseguito significativi risultati, tra cui l\u2019assunzione di nuovo personale OSS e l\u2019attivazione dei servizi di pulizia, finora mancanti. La Uil-Fpl di Messina \u00e8 sempre al fianco dei lavoratori\u201d.<div id=\"videoincontent\" style=\"clear:both\";><\/div><\/p>\n\n\n\n<figure class=\"wp-block-image size-large\"><img loading=\"lazy\" width=\"1024\" height=\"768\" src=\"http:\/\/www.messinaoggi.it\/website\/wp-content\/uploads\/2025\/11\/0-4-1024x768.jpg\" alt=\"\" class=\"wp-image-254454\" srcset=\"https:\/\/www.messinaoggi.it\/website\/wp-content\/uploads\/2025\/11\/0-4-1024x768.jpg 1024w, https:\/\/www.messinaoggi.it\/website\/wp-content\/uploads\/2025\/11\/0-4-300x225.jpg 300w, https:\/\/www.messinaoggi.it\/website\/wp-content\/uploads\/2025\/11\/0-4-768x576.jpg 768w, https:\/\/www.messinaoggi.it\/website\/wp-content\/uploads\/2025\/11\/0-4.jpg 1144w\" sizes=\"(max-width: 1024px) 100vw, 1024px\" \/><figcaption><strong>L&#8217;incontro tenutosi a S. Agata Militello<\/strong><\/figcaption><\/figure>\n\n\n\n<p><br>Lo dichiarano il Segretario Generale UIL FPL Messina, Livio Andronico, il Segretario Aziendale UIL FPL Sant\u2019Agata di Militello, Biagio Indriolo, e l\u2019RSU Davide Coniglio.<\/p>\n","protected":false},"excerpt":{"rendered":"<p>Incontro sindacale promosso dalla Segreteria Provinciale UIL FPL di Messina, guidata dal Segretario Generale Livio Andronico, all\u2019ospedale di Sant\u2019Agata Militello. Il confronto ha rappresentato un\u2019importante occasione di analisi e dialogo su temi centrali per il personale sanitario, tra cui: rinnovo del Contratto Collettivo Nazionale 2022\/2024 e le motivazioni che hanno portato la UIL FPL a [&hellip;]<\/p>\n","protected":false},"author":2,"featured_media":254453,"comment_status":"open","ping_status":"open","sticky":false,"template":"","format":"standard","meta":{"ub_ctt_via":"","_mi_skip_tracking":false},"categories":[6],"tags":[11769,2462,6269,113,937],"featured_image_src":"https:\/\/www.messinaoggi.it\/website\/wp-content\/uploads\/2025\/11\/0-1-1.jpg","author_info":{"display_name":"Redazione","author_link":"https:\/\/www.messinaoggi.it\/website\/author\/redazione\/"},"digistream_id":0,"digistream":false,"_links":{"self":[{"href":"https:\/\/www.messinaoggi.it\/website\/wp-json\/wp\/v2\/posts\/254452"}],"collection":[{"href":"https:\/\/www.messinaoggi.it\/website\/wp-json\/wp\/v2\/posts"}],"about":[{"href":"https:\/\/www.messinaoggi.it\/website\/wp-json\/wp\/v2\/types\/post"}],"author":[{"embeddable":true,"href":"https:\/\/www.messinaoggi.it\/website\/wp-json\/wp\/v2\/users\/2"}],"replies":[{"embeddable":true,"href":"https:\/\/www.messinaoggi.it\/website\/wp-json\/wp\/v2\/comments?post=254452"}],"version-history":[{"count":1,"href":"https:\/\/www.messinaoggi.it\/website\/wp-json\/wp\/v2\/posts\/254452\/revisions"}],"predecessor-version":[{"id":254455,"href":"https:\/\/www.messinaoggi.it\/website\/wp-json\/wp\/v2\/posts\/254452\/revisions\/254455"}],"wp:featuredmedia":[{"embeddable":true,"href":"https:\/\/www.messinaoggi.it\/website\/wp-json\/wp\/v2\/media\/254453"}],"wp:attachment":[{"href":"https:\/\/www.messinaoggi.it\/website\/wp-json\/wp\/v2\/media?parent=254452"}],"wp:term":[{"taxonomy":"category","embeddable":true,"href":"https:\/\/www.messinaoggi.it\/website\/wp-json\/wp\/v2\/categories?post=254452"},{"taxonomy":"post_tag","embeddable":true,"href":"https:\/\/www.messinaoggi.it\/website\/wp-json\/wp\/v2\/tags?post=254452"}],"curies":[{"name":"wp","href":"https:\/\/api.w.org\/{rel}","templated":true}]}}