{"id":254201,"date":"2025-11-09T00:06:41","date_gmt":"2025-11-08T23:06:41","guid":{"rendered":"https:\/\/www.messinaoggi.it\/website\/2025\/11\/09\/ko-indolore-ad-atene-con-djokovic-nole-rinuncia-musetti-alle-atp-finals\/"},"modified":"2025-11-09T00:06:41","modified_gmt":"2025-11-08T23:06:41","slug":"ko-indolore-ad-atene-con-djokovic-nole-rinuncia-musetti-alle-atp-finals","status":"publish","type":"post","link":"https:\/\/www.messinaoggi.it\/website\/2025\/11\/09\/ko-indolore-ad-atene-con-djokovic-nole-rinuncia-musetti-alle-atp-finals\/","title":{"rendered":"Ko indolore ad Atene con Djokovic, Nole rinuncia, Musetti alle Atp Finals"},"content":{"rendered":"<div>ROMA (ITALPRESS) &#8211; Lorenzo Musetti giocher\u00e0 le Atp Finals 2025. Il carrarino si \u00e8 arreso a Novak Djokovic nella finale dell&#8217;Atp 250 di Atene, torneo che avrebbe dovuto vincere per prendere il posto di Felix Auger-Aliassime nel Gruppo Borg, ma scender\u00e0 in campo a Torino in sostituzione proprio del 38enne serbo, che ha annunciato il forfait per le Finals dopo il titolo nel torneo greco. &#8220;Ci vediamo a Torino, Muso! Il forfait annunciato da Novak Djokovic dopo la finale di Atene significa che Lorenzo entra di diritto alle NittoATPFinals! Per la prima volta l&#8217;Italia avr\u00e0 ben due qualificati nel torneo di singolare e due nel torneo di doppio&#8221;, l&#8217;annuncio della Fitp che registra un altro storico risultato. <br \/>Tornando ad Atene \u00e8 stato un match durissimo comn Djokovic che l&#8217;ha spuntata in tre ore con il punteggio di 4-6 6-3 7-5. Titolo numero 101 in carriera per il classe 1987 di Belgrado, che si avvicina a Jimmy Connors (109) e Roger Federer (103) nella classifica dei pi\u00f9 vincenti della storia e stacca proprio la leggenda elvetica nell&#8217;albo dei pi\u00f9 titolati su cemento: 72 affermazioni per Djokovic e 71 per Federer, con Agassi terzo a quota 46. Il 24 volte campione Slam diventa anche il giocatore pi\u00f9 anziano (38 anni, 5 mesi e 17 giorni) a sollevare un trofeo Atp dai tempi di Ken Rosewall nel 1977.<br \/>Centrata la prima qualificazione in carriera alle Finals, resta l&#8217;amaro in bocca a Musetti per il terzo titolo Atp sfumato per un soffio. Si prolunga il digiuno dell&#8217;allievo di Simone Tartarini, a cui l&#8217;affermazione in tornei del circuito maggiore manca da oltre tre anni (Atp 500 Amburgo 2022, e Atp 250 Napoli 2022). &#8220;Ringrazio il pubblico per l&#8217;atmosfera speciale e spero di poter tornare qui l&#8217;anno prossimo. Sono onorato di aver condiviso il campo con un campione come Djokovic. Ringrazio l&#8217;organizzazione per il lavoro svolto e devo ringraziare anche al mio team e alla mia famiglia. Negli ultimi tre anni ho raggiunto sei finali, ma non sono mai riuscito a vincere un torneo. Spero di riuscirci prossimamente&#8221;, le parole, nel corso della premiazione, di Musetti, che perde la sesta finale consecutiva (Atp Queen&#8217;s 2024, Atp Umago 2024, Atp Chengdu 2024, Masters 1000 Monte-Carlo 2025, Atp Chengdu 2025, Atp Atene 2025) e proseguir\u00e0 la caccia al titolo proprio a Torino. Esclusa l&#8217;edizione del 2021, con Sinner in campo negli ultimi due match in sostituzione dell&#8217;infortunato Berrettini, sar\u00e0 la prima volta per il tennis italiano con due giocatori presenti nella fase a gironi delle Atp Finals. <br \/>Con il ritiro di Djokovic, Musetti prender\u00e0 il posto del serbo nel Gruppo Connors e si scontrer\u00e0 con Carlos Alcaraz, Taylor Fritz e Alex de Minaur. Il classe 2002 toscano debutter\u00e0 luned\u00ec (non prima delle 14.00) contro lo statunitense numero 4 del mondo. Confermato ufficialmente il girone di Jannik Sinner, che esordir\u00e0 luned\u00ec alle 20.30 con Auger-Aliassime e incontrer\u00e0 poi Alexander Zverev e Ben Shelton.<br \/>&#8211; Foto Ipa Agency &#8211;  <br \/>(ITALPRESS).<\/div>\n<div id=\"div-gpt-ad-Messinaoggi.it-DSK-300x250-corpoart\" style=\"text-align:center;margin:0 auto;\"><\/div><\/p><div id=\"videoincontent\" style=\"clear:both\";><\/div>","protected":false},"excerpt":{"rendered":"<p>ROMA (ITALPRESS) &#8211; Lorenzo Musetti giocher\u00e0 le Atp Finals 2025. Il carrarino si \u00e8 arreso a Novak Djokovic nella finale dell&#8217;Atp 250 di Atene, torneo che avrebbe dovuto vincere per prendere il posto di Felix Auger-Aliassime nel Gruppo Borg, ma scender\u00e0 in campo a Torino in sostituzione proprio del 38enne serbo, che ha annunciato il [&hellip;]<\/p>\n","protected":false},"author":18,"featured_media":254202,"comment_status":"closed","ping_status":"closed","sticky":false,"template":"","format":"standard","meta":{"ub_ctt_via":"","_mi_skip_tracking":false},"categories":[446],"tags":[783],"featured_image_src":"https:\/\/www.messinaoggi.it\/website\/wp-content\/uploads\/2025\/11\/20251108_2037.jpg","author_info":{"display_name":"Admin","author_link":"https:\/\/www.messinaoggi.it\/website\/author\/admin\/"},"digistream_id":0,"digistream":false,"_links":{"self":[{"href":"https:\/\/www.messinaoggi.it\/website\/wp-json\/wp\/v2\/posts\/254201"}],"collection":[{"href":"https:\/\/www.messinaoggi.it\/website\/wp-json\/wp\/v2\/posts"}],"about":[{"href":"https:\/\/www.messinaoggi.it\/website\/wp-json\/wp\/v2\/types\/post"}],"author":[{"embeddable":true,"href":"https:\/\/www.messinaoggi.it\/website\/wp-json\/wp\/v2\/users\/18"}],"replies":[{"embeddable":true,"href":"https:\/\/www.messinaoggi.it\/website\/wp-json\/wp\/v2\/comments?post=254201"}],"version-history":[{"count":0,"href":"https:\/\/www.messinaoggi.it\/website\/wp-json\/wp\/v2\/posts\/254201\/revisions"}],"wp:featuredmedia":[{"embeddable":true,"href":"https:\/\/www.messinaoggi.it\/website\/wp-json\/wp\/v2\/media\/254202"}],"wp:attachment":[{"href":"https:\/\/www.messinaoggi.it\/website\/wp-json\/wp\/v2\/media?parent=254201"}],"wp:term":[{"taxonomy":"category","embeddable":true,"href":"https:\/\/www.messinaoggi.it\/website\/wp-json\/wp\/v2\/categories?post=254201"},{"taxonomy":"post_tag","embeddable":true,"href":"https:\/\/www.messinaoggi.it\/website\/wp-json\/wp\/v2\/tags?post=254201"}],"curies":[{"name":"wp","href":"https:\/\/api.w.org\/{rel}","templated":true}]}}