{"id":254185,"date":"2025-11-08T20:06:45","date_gmt":"2025-11-08T19:06:45","guid":{"rendered":"https:\/\/www.messinaoggi.it\/website\/2025\/11\/08\/la-fise-svela-il-logo-del-centenario-di-paola-compleanno-da-celebrare\/"},"modified":"2025-11-08T20:06:45","modified_gmt":"2025-11-08T19:06:45","slug":"la-fise-svela-il-logo-del-centenario-di-paola-compleanno-da-celebrare","status":"publish","type":"post","link":"https:\/\/www.messinaoggi.it\/website\/2025\/11\/08\/la-fise-svela-il-logo-del-centenario-di-paola-compleanno-da-celebrare\/","title":{"rendered":"La Fise svela il logo del Centenario, Di Paola \u201cCompleanno da celebrare\u201d"},"content":{"rendered":"<div>ROMA (ITALPRESS) &#8211; Un secolo di storia, valori, passione per il cavallo e per lo sport. La Federazione italiana Sport Equestri ha presentato, in ArenaFISE alla 127^ Fieracavalli di Verona, il logo che ha accompagner\u00e0 le celebrazioni del centenario della Fise (1926-2026). A svelare il logo dei cento anni \u00e8 stato il presidente federale Marco Di Paola, con una rappresentanza di consiglieri federali e presidenti dei Comitati regionali. Un secolo di impegno, sacrificio e successi che hanno contribuito a costruire un&#8217;identit\u00e0 solida e riconosciuta in tutto il mondo. L&#8217;obiettivo della Federazione \u00e8 quello di dare una forma visiva a tutto ci\u00f2 che la Fise rappresenta: tradizione, eccellenza, ma anche sguardo proiettato verso il futuro. La presentazione del logo, che sar\u00e0 utilizzato soltanto nel 2026 per il centenario, \u00e8 solo la prima di diverse iniziative che la Federazione ha pensato per un 2026 ricco di progetti, che saranno presto svelati, per i festeggiamenti del primo secolo di vita.<br \/>\n&#8220;La nostra &#8211; ha dichiarato il presidente Fise, Marco Di Paola &#8211; \u00e8 una Federazione in piena crescita e in piena salute grazie a tutti gli appassionati, gli istruttori e i genitori che sostengono questa meravigliosa passione. Cento anni \u00e8 un numero importante e abbiamo voluto realizzare qualcosa di altrettanto importante presentando il logo per celebrare al meglio questo compleanno&#8221;.<br \/>\n&#8211; foto ufficio stampa Fise &#8211;<br \/>\n(ITALPRESS).<\/div>\n<div id=\"div-gpt-ad-Messinaoggi.it-DSK-300x250-corpoart\" style=\"text-align:center;margin:0 auto;\"><\/div><\/p><div id=\"videoincontent\" style=\"clear:both\";><\/div>","protected":false},"excerpt":{"rendered":"<p>ROMA (ITALPRESS) &#8211; Un secolo di storia, valori, passione per il cavallo e per lo sport. La Federazione italiana Sport Equestri ha presentato, in ArenaFISE alla 127^ Fieracavalli di Verona, il logo che ha accompagner\u00e0 le celebrazioni del centenario della Fise (1926-2026). A svelare il logo dei cento anni \u00e8 stato il presidente federale Marco [&hellip;]<\/p>\n","protected":false},"author":18,"featured_media":254186,"comment_status":"closed","ping_status":"closed","sticky":false,"template":"","format":"standard","meta":{"ub_ctt_via":"","_mi_skip_tracking":false},"categories":[446],"tags":[783],"featured_image_src":"https:\/\/www.messinaoggi.it\/website\/wp-content\/uploads\/2025\/11\/20251108_1315.jpg","author_info":{"display_name":"Admin","author_link":"https:\/\/www.messinaoggi.it\/website\/author\/admin\/"},"digistream_id":0,"digistream":false,"_links":{"self":[{"href":"https:\/\/www.messinaoggi.it\/website\/wp-json\/wp\/v2\/posts\/254185"}],"collection":[{"href":"https:\/\/www.messinaoggi.it\/website\/wp-json\/wp\/v2\/posts"}],"about":[{"href":"https:\/\/www.messinaoggi.it\/website\/wp-json\/wp\/v2\/types\/post"}],"author":[{"embeddable":true,"href":"https:\/\/www.messinaoggi.it\/website\/wp-json\/wp\/v2\/users\/18"}],"replies":[{"embeddable":true,"href":"https:\/\/www.messinaoggi.it\/website\/wp-json\/wp\/v2\/comments?post=254185"}],"version-history":[{"count":0,"href":"https:\/\/www.messinaoggi.it\/website\/wp-json\/wp\/v2\/posts\/254185\/revisions"}],"wp:featuredmedia":[{"embeddable":true,"href":"https:\/\/www.messinaoggi.it\/website\/wp-json\/wp\/v2\/media\/254186"}],"wp:attachment":[{"href":"https:\/\/www.messinaoggi.it\/website\/wp-json\/wp\/v2\/media?parent=254185"}],"wp:term":[{"taxonomy":"category","embeddable":true,"href":"https:\/\/www.messinaoggi.it\/website\/wp-json\/wp\/v2\/categories?post=254185"},{"taxonomy":"post_tag","embeddable":true,"href":"https:\/\/www.messinaoggi.it\/website\/wp-json\/wp\/v2\/tags?post=254185"}],"curies":[{"name":"wp","href":"https:\/\/api.w.org\/{rel}","templated":true}]}}