{"id":254177,"date":"2025-11-08T18:06:41","date_gmt":"2025-11-08T17:06:41","guid":{"rendered":"https:\/\/www.messinaoggi.it\/website\/2025\/11\/08\/schlein-governo-meloni-sara-ricordato-per-salassi-a-famiglie-e-imprese\/"},"modified":"2025-11-08T18:06:41","modified_gmt":"2025-11-08T17:06:41","slug":"schlein-governo-meloni-sara-ricordato-per-salassi-a-famiglie-e-imprese","status":"publish","type":"post","link":"https:\/\/www.messinaoggi.it\/website\/2025\/11\/08\/schlein-governo-meloni-sara-ricordato-per-salassi-a-famiglie-e-imprese\/","title":{"rendered":"Schlein \u201cGoverno Meloni sar\u00e0 ricordato per salassi a famiglie e imprese\u201d"},"content":{"rendered":"<div>ROMA (ITALPRESS) &#8211; <em>&#8220;<strong>Con Giorgia Meloni al governo la pressione fiscale \u00e8 salita al 42,8%, il massimo degli ultimi dieci anni.<\/strong> Lo dicono i dati del governo, non del PD. Il governo Meloni ha aumentato le tasse per tutti. E come se non bastasse nella prossima manovra interviene sull&#8217;IRPEF e aiuta di nuovo i pi\u00f9 ricchi anzich\u00e8 il ceto medio che si \u00e8 impoverito. Lo dice l&#8217;ISTAT, che l&#8217;85% delle risorse andranno alle famiglie pi\u00f9 ricche. Con che faccia stamattina si sveglia e attacca le opposizioni? Il suo governo verr\u00e0 ricordato come quello dei salassi per famiglie e imprese italiane e per gli aiuti ai pi\u00f9 ricchi&#8221;.<\/em> Cos\u00ec in una nota la <strong>segretaria del Pd Elly Schlein.<\/strong><div id=\"div-gpt-ad-Messinaoggi.it-DSK-300x250-corpoart\" style=\"text-align:center;margin:0 auto;\"><\/div><\/p>\n<p>&#8211; Foto IPA Agency &#8211;<div id=\"videoincontent\" style=\"clear:both\";><\/div><\/p>\n<p>(ITALPRESS).<\/p><\/div>\n","protected":false},"excerpt":{"rendered":"<p>ROMA (ITALPRESS) &#8211; &#8220;Con Giorgia Meloni al governo la pressione fiscale \u00e8 salita al 42,8%, il massimo degli ultimi dieci anni. Lo dicono i dati del governo, non del PD. Il governo Meloni ha aumentato le tasse per tutti. E come se non bastasse nella prossima manovra interviene sull&#8217;IRPEF e aiuta di nuovo i pi\u00f9 [&hellip;]<\/p>\n","protected":false},"author":18,"featured_media":254178,"comment_status":"closed","ping_status":"closed","sticky":false,"template":"","format":"standard","meta":{"ub_ctt_via":"","_mi_skip_tracking":false},"categories":[446],"tags":[783],"featured_image_src":"https:\/\/www.messinaoggi.it\/website\/wp-content\/uploads\/2025\/11\/20251108_0876.jpg","author_info":{"display_name":"Admin","author_link":"https:\/\/www.messinaoggi.it\/website\/author\/admin\/"},"digistream_id":0,"digistream":false,"_links":{"self":[{"href":"https:\/\/www.messinaoggi.it\/website\/wp-json\/wp\/v2\/posts\/254177"}],"collection":[{"href":"https:\/\/www.messinaoggi.it\/website\/wp-json\/wp\/v2\/posts"}],"about":[{"href":"https:\/\/www.messinaoggi.it\/website\/wp-json\/wp\/v2\/types\/post"}],"author":[{"embeddable":true,"href":"https:\/\/www.messinaoggi.it\/website\/wp-json\/wp\/v2\/users\/18"}],"replies":[{"embeddable":true,"href":"https:\/\/www.messinaoggi.it\/website\/wp-json\/wp\/v2\/comments?post=254177"}],"version-history":[{"count":0,"href":"https:\/\/www.messinaoggi.it\/website\/wp-json\/wp\/v2\/posts\/254177\/revisions"}],"wp:featuredmedia":[{"embeddable":true,"href":"https:\/\/www.messinaoggi.it\/website\/wp-json\/wp\/v2\/media\/254178"}],"wp:attachment":[{"href":"https:\/\/www.messinaoggi.it\/website\/wp-json\/wp\/v2\/media?parent=254177"}],"wp:term":[{"taxonomy":"category","embeddable":true,"href":"https:\/\/www.messinaoggi.it\/website\/wp-json\/wp\/v2\/categories?post=254177"},{"taxonomy":"post_tag","embeddable":true,"href":"https:\/\/www.messinaoggi.it\/website\/wp-json\/wp\/v2\/tags?post=254177"}],"curies":[{"name":"wp","href":"https:\/\/api.w.org\/{rel}","templated":true}]}}