{"id":254173,"date":"2025-11-08T16:06:43","date_gmt":"2025-11-08T15:06:43","guid":{"rendered":"https:\/\/www.messinaoggi.it\/website\/2025\/11\/08\/sarri-linter-e-una-delle-squadre-piu-forti-deuropa\/"},"modified":"2025-11-08T16:06:43","modified_gmt":"2025-11-08T15:06:43","slug":"sarri-linter-e-una-delle-squadre-piu-forti-deuropa","status":"publish","type":"post","link":"https:\/\/www.messinaoggi.it\/website\/2025\/11\/08\/sarri-linter-e-una-delle-squadre-piu-forti-deuropa\/","title":{"rendered":"Sarri \u201cL\u2019Inter \u00e8 una delle squadre pi\u00f9 forti d\u2019Europa\u201d"},"content":{"rendered":"<div>ROMA (ITALPRESS) &#8211; <em>&#8220;<strong>E&#8217; palese che l&#8217;Inter, assieme al Napoli, abbia la rosa pi\u00f9 forte in Italia. In tre anni hanno fatto due finali di Champions.<\/strong> Anche in giro per l&#8217;Europa ci sono poche squadre superiori ai nerazzurri. Non possiamo giocare alla pari con l&#8217;Inter ma non vuol dire che andiamo l\u00e0 per non giocare. Quindi, c&#8217;\u00e8 un&#8217;opportunit\u00e0, per cui coltello tra i denti e cerchiamo di coglierla&#8221;.<\/em> Cos\u00ec <strong>Maurizio Sarri<\/strong>, in conferenza stampa, alla vigilia del match di campionato contro il team allenato da Chivu.<div id=\"div-gpt-ad-Messinaoggi.it-DSK-300x250-corpoart\" style=\"text-align:center;margin:0 auto;\"><\/div><\/p>\n<p><em><strong> &#8220;Stiamo facendo passi avanti, soprattutto a livello di mentalit\u00e0.<\/strong> Vediamo se ora questa crescita, che diamo la sensazione di poter fare, riusciremo a portarla fino in fondo&#8221;<\/em>, ha aggiunto Sarri, che ha chiesto di non caricare <em>&#8220;i giocatori di responsabilit\u00e0, che non \u00e8 giusto che abbiano&#8221;. &#8220;La considerazione iniziale era che tante squadre subito dietro alla Lazio si sono rafforzate, quindi c&#8217;era il rischio di vedere una classifica molto bassa&#8221;<\/em>, ha spiegato l&#8217;allenatore del team capitolino.<div id=\"videoincontent\" style=\"clear:both\";><\/div><\/p>\n<p>Infine, qualche battuta sui singoli, a partire da <strong>Romagnoli, che &#8220;<\/strong><em><strong>questa mattina si \u00e8 allenato abbastanza bene&#8221;. &#8220;Vediamo come si sveglia domani,<\/strong> decideremo con lui e i dottori&#8221;,<\/em> ha precisato Sarri. <em><strong>&#8220;Dia? Ho visto che \u00e8 molto criticato. Da tutti i centravanti ci si aspetta che arrivino a tirare. In questo periodo le cose non gli vengono<\/strong>, ma sotto tanti punti di vista non fa mancare niente alla squadra e questo \u00e8 un pregio. Provstgaard ha qualit\u00e0 e un&#8217;applicazione feroce. Con quella testa e quel carattere l\u00ec, sicuramente riuscir\u00e0 a tirare fuori tutto il suo potenziale. Isaksen ha fatto tre partite di alto livello: ha potenzialit\u00e0, vedremo se riuscir\u00e0 a tirarle fuori sino in fondo, con una crescita costante<\/em>&#8220;, ha concluso il tecnico della Lazio.<\/p>\n<p>&#8211; foto Ipa Agency &#8211;<br \/>\n(ITALPRESS).<\/p><\/div>\n","protected":false},"excerpt":{"rendered":"<p>ROMA (ITALPRESS) &#8211; &#8220;E&#8217; palese che l&#8217;Inter, assieme al Napoli, abbia la rosa pi\u00f9 forte in Italia. In tre anni hanno fatto due finali di Champions. Anche in giro per l&#8217;Europa ci sono poche squadre superiori ai nerazzurri. Non possiamo giocare alla pari con l&#8217;Inter ma non vuol dire che andiamo l\u00e0 per non giocare. [&hellip;]<\/p>\n","protected":false},"author":18,"featured_media":254174,"comment_status":"closed","ping_status":"closed","sticky":false,"template":"","format":"standard","meta":{"ub_ctt_via":"","_mi_skip_tracking":false},"categories":[446],"tags":[783],"featured_image_src":"https:\/\/www.messinaoggi.it\/website\/wp-content\/uploads\/2025\/11\/20251108_0823.jpg","author_info":{"display_name":"Admin","author_link":"https:\/\/www.messinaoggi.it\/website\/author\/admin\/"},"digistream_id":0,"digistream":false,"_links":{"self":[{"href":"https:\/\/www.messinaoggi.it\/website\/wp-json\/wp\/v2\/posts\/254173"}],"collection":[{"href":"https:\/\/www.messinaoggi.it\/website\/wp-json\/wp\/v2\/posts"}],"about":[{"href":"https:\/\/www.messinaoggi.it\/website\/wp-json\/wp\/v2\/types\/post"}],"author":[{"embeddable":true,"href":"https:\/\/www.messinaoggi.it\/website\/wp-json\/wp\/v2\/users\/18"}],"replies":[{"embeddable":true,"href":"https:\/\/www.messinaoggi.it\/website\/wp-json\/wp\/v2\/comments?post=254173"}],"version-history":[{"count":0,"href":"https:\/\/www.messinaoggi.it\/website\/wp-json\/wp\/v2\/posts\/254173\/revisions"}],"wp:featuredmedia":[{"embeddable":true,"href":"https:\/\/www.messinaoggi.it\/website\/wp-json\/wp\/v2\/media\/254174"}],"wp:attachment":[{"href":"https:\/\/www.messinaoggi.it\/website\/wp-json\/wp\/v2\/media?parent=254173"}],"wp:term":[{"taxonomy":"category","embeddable":true,"href":"https:\/\/www.messinaoggi.it\/website\/wp-json\/wp\/v2\/categories?post=254173"},{"taxonomy":"post_tag","embeddable":true,"href":"https:\/\/www.messinaoggi.it\/website\/wp-json\/wp\/v2\/tags?post=254173"}],"curies":[{"name":"wp","href":"https:\/\/api.w.org\/{rel}","templated":true}]}}