{"id":254163,"date":"2025-11-09T00:06:42","date_gmt":"2025-11-08T23:06:42","guid":{"rendered":"https:\/\/www.messinaoggi.it\/website\/2025\/11\/08\/dipendenze-nordio-trovare-lavoro-a-detenuti-e-carta-vincente\/"},"modified":"2025-11-09T10:45:52","modified_gmt":"2025-11-09T09:45:52","slug":"dipendenze-nordio-trovare-lavoro-a-detenuti-e-carta-vincente","status":"publish","type":"post","link":"https:\/\/www.messinaoggi.it\/website\/2025\/11\/09\/dipendenze-nordio-trovare-lavoro-a-detenuti-e-carta-vincente\/","title":{"rendered":"Dipendenze, Nordio \u201cTrovare lavoro a detenuti \u00e8 carta vincente\u201d"},"content":{"rendered":"<div>ROMA (ITALPRESS) &#8211;<em> &#8220;<strong>L&#8217;introduzione del lavoro all&#8217;interno del carcere serve non solo a combattere la noia e il bisogno<\/strong>, come diceva Voltaire, ma \u00e8 anche una forma rieducativa prescritta dalla nostra Costituzione e imposta dalla nostra coscienza cristiana. I<strong>l nostro progetto &#8216;Recidiva zer\u00f2 consiste nel trovare un lavoro a chi esce dal carcere.<\/strong> Abbiamo visto che la recidiva, dal 40%, scende al 2% e soprattutto per i tossicodipendenti questa possibilit\u00e0 \u00e8 la carta vincente&#8221;.<\/em> Lo ha detto Carlo Nordio, ministro della Giustizia, intervenendo alla Conferenza Nazionale sulle Dipendenze a Roma.<div id=\"div-gpt-ad-Messinaoggi.it-DSK-300x250-corpoart\" style=\"text-align:center;margin:0 auto;\"><\/div><\/p>\n<p>Sulla prevenzione in carcere, &#8220;<em>in Italia la situazione non \u00e8 grave ma \u00e8 da monitorare, la droga pi\u00f9 pericolosa \u00e8 questo fentanyl di cui si \u00e8 parlato a lungo&#8221;<\/em>, ha aggiunto Nordio. Sui detenuti in carcere in relazione alla droga, una <em>&#8220;buona parte sono spacciatori, veri e propri criminali per i quali non ha senso parlare di ci\u00f2 di cui stiamo discutendo oggi<\/em> &#8211; ha spiegato -. <em>Ma c&#8217;\u00e8 una percentuale di detenuti che hanno commesso reati in relazione al loro stato di tossicodipendenza: questi sono pi\u00f9 malati da curare che delinquenti da punire. Per loro abbiamo gi\u00e0 presentato un disegno di legge lo scorso luglio per una detenzione differenziata presso comunit\u00e0 terapeutiche&#8221;<\/em>, ha aggiunto.(ITALPRESS).<div id=\"videoincontent\" style=\"clear:both\";><\/div><\/p>\n<p>Foto: Ipa Agency<\/p><\/div>\n","protected":false},"excerpt":{"rendered":"<p>ROMA (ITALPRESS) &#8211; &#8220;L&#8217;introduzione del lavoro all&#8217;interno del carcere serve non solo a combattere la noia e il bisogno, come diceva Voltaire, ma \u00e8 anche una forma rieducativa prescritta dalla nostra Costituzione e imposta dalla nostra coscienza cristiana. Il nostro progetto &#8216;Recidiva zer\u00f2 consiste nel trovare un lavoro a chi esce dal carcere. Abbiamo visto [&hellip;]<\/p>\n","protected":false},"author":18,"featured_media":254164,"comment_status":"closed","ping_status":"closed","sticky":false,"template":"","format":"standard","meta":{"ub_ctt_via":"","_mi_skip_tracking":false},"categories":[446,4],"tags":[783],"featured_image_src":"https:\/\/www.messinaoggi.it\/website\/wp-content\/uploads\/2025\/11\/20251108_0369.jpg","author_info":{"display_name":"Admin","author_link":"https:\/\/www.messinaoggi.it\/website\/author\/admin\/"},"digistream_id":0,"digistream":false,"_links":{"self":[{"href":"https:\/\/www.messinaoggi.it\/website\/wp-json\/wp\/v2\/posts\/254163"}],"collection":[{"href":"https:\/\/www.messinaoggi.it\/website\/wp-json\/wp\/v2\/posts"}],"about":[{"href":"https:\/\/www.messinaoggi.it\/website\/wp-json\/wp\/v2\/types\/post"}],"author":[{"embeddable":true,"href":"https:\/\/www.messinaoggi.it\/website\/wp-json\/wp\/v2\/users\/18"}],"replies":[{"embeddable":true,"href":"https:\/\/www.messinaoggi.it\/website\/wp-json\/wp\/v2\/comments?post=254163"}],"version-history":[{"count":1,"href":"https:\/\/www.messinaoggi.it\/website\/wp-json\/wp\/v2\/posts\/254163\/revisions"}],"predecessor-version":[{"id":254214,"href":"https:\/\/www.messinaoggi.it\/website\/wp-json\/wp\/v2\/posts\/254163\/revisions\/254214"}],"wp:featuredmedia":[{"embeddable":true,"href":"https:\/\/www.messinaoggi.it\/website\/wp-json\/wp\/v2\/media\/254164"}],"wp:attachment":[{"href":"https:\/\/www.messinaoggi.it\/website\/wp-json\/wp\/v2\/media?parent=254163"}],"wp:term":[{"taxonomy":"category","embeddable":true,"href":"https:\/\/www.messinaoggi.it\/website\/wp-json\/wp\/v2\/categories?post=254163"},{"taxonomy":"post_tag","embeddable":true,"href":"https:\/\/www.messinaoggi.it\/website\/wp-json\/wp\/v2\/tags?post=254163"}],"curies":[{"name":"wp","href":"https:\/\/api.w.org\/{rel}","templated":true}]}}