{"id":254142,"date":"2025-11-07T22:06:45","date_gmt":"2025-11-07T21:06:45","guid":{"rendered":"https:\/\/www.messinaoggi.it\/website\/2025\/11\/07\/meloni-incontra-abu-mazen-dare-rapida-attuazione-al-piano-trump\/"},"modified":"2025-11-07T22:06:45","modified_gmt":"2025-11-07T21:06:45","slug":"meloni-incontra-abu-mazen-dare-rapida-attuazione-al-piano-trump","status":"publish","type":"post","link":"https:\/\/www.messinaoggi.it\/website\/2025\/11\/07\/meloni-incontra-abu-mazen-dare-rapida-attuazione-al-piano-trump\/","title":{"rendered":"Meloni incontra Abu Mazen, dare rapida attuazione al piano Trump"},"content":{"rendered":"<div>ROMA (ITALPRESS) &#8211; Il <strong>presidente del Consiglio, Giorgia Meloni, ha ricevuto a Palazzo Chigi il presidente della Palestina, Mahmoud Abbas<\/strong>. Nel corso del colloquio, la premier ha ribadito la necessit\u00e0 di consolidare il cessate il fuoco e di avviare la stabilizzazione e la ricostruzione di Gaza, procedendo rapidamente con la piena attuazione del Piano di pace del presidente Donald Trump, anche attraverso il disarmo di Hamas che non potr\u00e0 avere alcun ruolo nel futuro del popolo palestinese.<div id=\"div-gpt-ad-Messinaoggi.it-DSK-300x250-corpoart\" style=\"text-align:center;margin:0 auto;\"><\/div><\/p>\n<p>Il presidente del Consiglio ha inoltre valorizzato il forte e costante impegno italiano sia nell&#8217;assistenza umanitaria alla popolazione civile &#8211; attraverso l&#8217;iniziativa Food for Gaza, le evacuazioni mediche e il<em> &#8220;corridoio universitario&#8221;<\/em> &#8211; sia nella formazione delle forze di polizia e nel processo di riforme dell&#8217;Autorit\u00e0 palestinese.<div id=\"videoincontent\" style=\"clear:both\";><\/div><\/p>\n<p>In conclusione d&#8217;incontro, nel reiterare la necessit\u00e0 di lavorare a una soluzione politica duratura sulla base della prospettiva dei due Stati, \u00e8 stato confermato che il Governo italiano, anche sulla base delle priorit\u00e0 indicate dall&#8217;Autorit\u00e0 Palestinese, sta lavorando a un pacchetto di aiuti umanitari e per la ricostruzione da presentare alla Conferenza su Gaza che l&#8217;Egitto intende convocare.<\/p>\n<p>(ITALPRESS).<br \/>\n-Foto: Palazzo Chigi-<\/p><\/div>\n","protected":false},"excerpt":{"rendered":"<p>ROMA (ITALPRESS) &#8211; Il presidente del Consiglio, Giorgia Meloni, ha ricevuto a Palazzo Chigi il presidente della Palestina, Mahmoud Abbas. Nel corso del colloquio, la premier ha ribadito la necessit\u00e0 di consolidare il cessate il fuoco e di avviare la stabilizzazione e la ricostruzione di Gaza, procedendo rapidamente con la piena attuazione del Piano di [&hellip;]<\/p>\n","protected":false},"author":18,"featured_media":254143,"comment_status":"closed","ping_status":"closed","sticky":false,"template":"","format":"standard","meta":{"ub_ctt_via":"","_mi_skip_tracking":false},"categories":[446],"tags":[783],"featured_image_src":"https:\/\/www.messinaoggi.it\/website\/wp-content\/uploads\/2025\/11\/20251107_2759.jpg","author_info":{"display_name":"Admin","author_link":"https:\/\/www.messinaoggi.it\/website\/author\/admin\/"},"digistream_id":0,"digistream":false,"_links":{"self":[{"href":"https:\/\/www.messinaoggi.it\/website\/wp-json\/wp\/v2\/posts\/254142"}],"collection":[{"href":"https:\/\/www.messinaoggi.it\/website\/wp-json\/wp\/v2\/posts"}],"about":[{"href":"https:\/\/www.messinaoggi.it\/website\/wp-json\/wp\/v2\/types\/post"}],"author":[{"embeddable":true,"href":"https:\/\/www.messinaoggi.it\/website\/wp-json\/wp\/v2\/users\/18"}],"replies":[{"embeddable":true,"href":"https:\/\/www.messinaoggi.it\/website\/wp-json\/wp\/v2\/comments?post=254142"}],"version-history":[{"count":0,"href":"https:\/\/www.messinaoggi.it\/website\/wp-json\/wp\/v2\/posts\/254142\/revisions"}],"wp:featuredmedia":[{"embeddable":true,"href":"https:\/\/www.messinaoggi.it\/website\/wp-json\/wp\/v2\/media\/254143"}],"wp:attachment":[{"href":"https:\/\/www.messinaoggi.it\/website\/wp-json\/wp\/v2\/media?parent=254142"}],"wp:term":[{"taxonomy":"category","embeddable":true,"href":"https:\/\/www.messinaoggi.it\/website\/wp-json\/wp\/v2\/categories?post=254142"},{"taxonomy":"post_tag","embeddable":true,"href":"https:\/\/www.messinaoggi.it\/website\/wp-json\/wp\/v2\/tags?post=254142"}],"curies":[{"name":"wp","href":"https:\/\/api.w.org\/{rel}","templated":true}]}}