{"id":254123,"date":"2025-11-07T15:06:42","date_gmt":"2025-11-07T14:06:42","guid":{"rendered":"https:\/\/www.messinaoggi.it\/website\/2025\/11\/07\/allegri-pulisic-recuperato-leao-deve-essere-piu-continuo\/"},"modified":"2025-11-07T15:06:42","modified_gmt":"2025-11-07T14:06:42","slug":"allegri-pulisic-recuperato-leao-deve-essere-piu-continuo","status":"publish","type":"post","link":"https:\/\/www.messinaoggi.it\/website\/2025\/11\/07\/allegri-pulisic-recuperato-leao-deve-essere-piu-continuo\/","title":{"rendered":"Allegri \u201cPulisic recuperato, Leao deve essere pi\u00f9 continuo\u201d"},"content":{"rendered":"<div>MILANO (ITALPRESS) &#8211; <em>&#8220;Sappiamo che affrontiamo una squadra che ha sempre lottato in tutte le partite che ha giocato, anche l&#8217;ultima fatta in inferiorit\u00e0 numerica. Loro alzano molto la palla e hanno Pellegrino l\u00ec davanti che \u00e8 molto forte. Ti fanno giocare male e il campo di Parma per noi \u00e8 sempre difficile. Pulisic \u00e8 recuperato. Ha fatto due allenamenti con la squadra e sta bene fisicamente. Estupinan e Jashari hanno migliorato la condizione.<\/em><br \/>\n<em>Rimarrano fuori Rabiot e Gimenez&#8221;<\/em>. Cos\u00ec Massimiliano <strong>Allegri,<\/strong> in conferenza stampa, alla vigilia della gara di campionato, in trasferta, contro il team allenato da Carlos Cuesta.<div id=\"div-gpt-ad-Messinaoggi.it-DSK-300x250-corpoart\" style=\"text-align:center;margin:0 auto;\"><\/div><\/p>\n<p><em>&#8220;Pulisic non so quanto minuti possa giocare. Leao e Nkunku hanno fatto molto bene contro la Roma. Nkunku ha tenuto bene botta contro i difensori giallorossi. I crampi di Leao sono comprensibili. E&#8217; stato fuori a lungo ma sta migliorando. La normalit\u00e0 deve essere che lui giochi come l&#8217;ultima partita sempre non in episodi sporadici&#8221;<\/em>, ha aggiunto Allegri<em>. &#8220;Domani abbiamo un&#8217;altra gara tosta e servono altri tre punti. Dobbiamo cercare di evitare gli errori, contro la Roma all&#8217;inizio ne abbiamo fatti troppo. Vogliamo i tre punti e dobbiamo fare una partita concreta. Dobbiamo fare un bel match sotto tutti i punti di vista. Quando avremo la palla dovremo gestirla al meglio; quando difenderemo dovremo farlo da squadra. Il centravanti? Gimenez che ci dar\u00e0 tanto quando recuperer\u00e0. Possiamo giocare per\u00f2 anche senza centravanti. Detto questo, sicuramente Nkunku e Leao quel ruolo lo possono fare&#8221;<\/em>, ha detto ancora il tecnico rossonero.<div id=\"videoincontent\" style=\"clear:both\";><\/div><\/p>\n<p><em> &#8220;La difesa? Quest&#8217;anno ho chiesto ai giocatori che bisogna abbattere il numero dei gol presi, semplicemente perch\u00e8 \u00e8 un numero che alla lunga conta pi\u00f9 di tutti in campionato per avere una certa classifica. La differenza reti pesava ieri come oggi e certifica sempre la classifica di ogni squadra. Ora dobbiamo lavorare in un certo modo con o senza palla e migliorare la percentuale realizzativa&#8221;<\/em>, ha proseguito l&#8217;allenatore del Milan.<em> &#8220;Modric capisce prima di tutti dove finisce la palla, ma \u00e8 tutta la squadra che quando \u00e8 senza palla si sta mettendo nelle condizioni migliori per difendere bene. Bisogna migliorare la fase realizzativa, lo ripeto, perch\u00e8 la percentuale di gol \u00e8 bassa rispetto a quanto abbiamo creato&#8221;<\/em>, ha puntualizzato poi Allegri.<em> &#8220;Il contratto di Maignan? Mike \u00e8 un grandissimo portiere. La societ\u00e0 sta programmando il futuro del Milan: ci sono le persone che pensano e penseranno a fare il meglio per il club. Noi dobbiamo pensare al nostro obiettivo, ovvero ad arrivare tra le prime quattro&#8221;<\/em>, ha concluso il tecnico rossonero.<\/p>\n<p>&#8211; foto Ipa Agency &#8211;<\/p>\n<p>(ITALPRESS).<\/p><\/div>\n","protected":false},"excerpt":{"rendered":"<p>MILANO (ITALPRESS) &#8211; &#8220;Sappiamo che affrontiamo una squadra che ha sempre lottato in tutte le partite che ha giocato, anche l&#8217;ultima fatta in inferiorit\u00e0 numerica. Loro alzano molto la palla e hanno Pellegrino l\u00ec davanti che \u00e8 molto forte. Ti fanno giocare male e il campo di Parma per noi \u00e8 sempre difficile. Pulisic \u00e8 [&hellip;]<\/p>\n","protected":false},"author":18,"featured_media":254124,"comment_status":"closed","ping_status":"closed","sticky":false,"template":"","format":"standard","meta":{"ub_ctt_via":"","_mi_skip_tracking":false},"categories":[446],"tags":[783],"featured_image_src":"https:\/\/www.messinaoggi.it\/website\/wp-content\/uploads\/2025\/11\/20251107_0870.jpg","author_info":{"display_name":"Admin","author_link":"https:\/\/www.messinaoggi.it\/website\/author\/admin\/"},"digistream_id":0,"digistream":false,"_links":{"self":[{"href":"https:\/\/www.messinaoggi.it\/website\/wp-json\/wp\/v2\/posts\/254123"}],"collection":[{"href":"https:\/\/www.messinaoggi.it\/website\/wp-json\/wp\/v2\/posts"}],"about":[{"href":"https:\/\/www.messinaoggi.it\/website\/wp-json\/wp\/v2\/types\/post"}],"author":[{"embeddable":true,"href":"https:\/\/www.messinaoggi.it\/website\/wp-json\/wp\/v2\/users\/18"}],"replies":[{"embeddable":true,"href":"https:\/\/www.messinaoggi.it\/website\/wp-json\/wp\/v2\/comments?post=254123"}],"version-history":[{"count":0,"href":"https:\/\/www.messinaoggi.it\/website\/wp-json\/wp\/v2\/posts\/254123\/revisions"}],"wp:featuredmedia":[{"embeddable":true,"href":"https:\/\/www.messinaoggi.it\/website\/wp-json\/wp\/v2\/media\/254124"}],"wp:attachment":[{"href":"https:\/\/www.messinaoggi.it\/website\/wp-json\/wp\/v2\/media?parent=254123"}],"wp:term":[{"taxonomy":"category","embeddable":true,"href":"https:\/\/www.messinaoggi.it\/website\/wp-json\/wp\/v2\/categories?post=254123"},{"taxonomy":"post_tag","embeddable":true,"href":"https:\/\/www.messinaoggi.it\/website\/wp-json\/wp\/v2\/tags?post=254123"}],"curies":[{"name":"wp","href":"https:\/\/api.w.org\/{rel}","templated":true}]}}