{"id":253973,"date":"2025-11-06T13:24:45","date_gmt":"2025-11-06T12:24:45","guid":{"rendered":"http:\/\/www.messinaoggi.it\/website\/?p=253973"},"modified":"2025-11-06T13:24:51","modified_gmt":"2025-11-06T12:24:51","slug":"santo-oteri-bene-interventi-ma-tardi-serve-programmazione-seria","status":"publish","type":"post","link":"https:\/\/www.messinaoggi.it\/website\/2025\/11\/06\/santo-oteri-bene-interventi-ma-tardi-serve-programmazione-seria\/","title":{"rendered":"Santo, Oteri: &#8220;Bene interventi, ma tardi: serve programmazione seria&#8221;"},"content":{"rendered":"\n<p>Il capogruppo della Lega Prima L&#8217;Italia al Consiglio comunale di Messina, <strong>Cosimo Oteri<\/strong>, \u00e8 intervenuto sulla situazione di via Comunale Santo e sugli interventi recenti decisi dall&#8217;amministrazione comunale. <div id=\"div-gpt-ad-Messinaoggi.it-DSK-300x250-corpoart\" style=\"text-align:center;margin:0 auto;\"><\/div><\/p>\n\n\n\n<p>&#8220;Finalmente, dopo anni di segnalazioni e sopralluoghi, si \u00e8 deciso di intervenire in maniera seria sulla via Comunale Santo, dove le perdite d\u2019acqua, bianche e fognarie, erano ormai diventate una vergogna quotidiana per chi vive e attraversa quella zona. Bene quindi la decisione di procedere con un intervento radicale, ma non posso non sottolineare quanto sia inaccettabile che da agosto 2025 si sia arrivati a muoversi soltanto adesso. Ancora una volta, i cittadini devono pagare il prezzo di una burocrazia lenta e di decisioni rinviate troppo a lungo&#8221;.<div id=\"videoincontent\" style=\"clear:both\";><\/div><\/p>\n\n\n\n<p>&#8220;Capisco che i lavori causeranno inevitabili disagi, ma quando si agisce per mettere in sicurezza un\u2019arteria cos\u00ec importante bisogna farlo con una visione complessiva. La via Comunale Santo non \u00e8 una strada qualunque: \u00e8 l\u2019unico asse strategico che collega alcuni villaggi della zona sud al centro citt\u00e0, una via di collegamento essenziale per migliaia di famiglie e lavoratori&#8221; continua Oteri.<\/p>\n\n\n\n<p>&#8220;Per questo ritengo indispensabile che, approfittando della chiusura al traffico, si proceda non solo alla sostituzione della condotta danneggiata, ma anche alla bitumazione completa della strada, o almeno del tratto compreso tra lo svincolo di Gazzi e la biforcazione all altezza degli ormai ex cantieri Ferrofir. Non servono pi\u00f9 interventi tampone: serve una programmazione seria, che restituisca decoro e funzionalit\u00e0 a una zona troppo spesso dimenticata&#8221; aggiunge.<\/p>\n\n\n\n<p>&#8220;Continuer\u00f2 a vigilare perch\u00e9 i lavori si concludano nei tempi annunciati e perch\u00e9 la via Comunale Santo torni finalmente ad essere una strada degna di una citt\u00e0 che vuole crescere, non rimanere ferma nel fango delle inefficienze&#8221; conclude il capogruppo della Lega.<\/p>\n","protected":false},"excerpt":{"rendered":"<p>Il capogruppo della Lega Prima L&#8217;Italia al Consiglio comunale di Messina, Cosimo Oteri, \u00e8 intervenuto sulla situazione di via Comunale Santo e sugli interventi recenti decisi dall&#8217;amministrazione comunale. &#8220;Finalmente, dopo anni di segnalazioni e sopralluoghi, si \u00e8 deciso di intervenire in maniera seria sulla via Comunale Santo, dove le perdite d\u2019acqua, bianche e fognarie, erano [&hellip;]<\/p>\n","protected":false},"author":15,"featured_media":149752,"comment_status":"open","ping_status":"open","sticky":false,"template":"","format":"standard","meta":{"ub_ctt_via":"","_mi_skip_tracking":false},"categories":[4,6],"tags":[5984,11441,5745,4936,4111],"featured_image_src":"https:\/\/www.messinaoggi.it\/website\/wp-content\/uploads\/2023\/04\/Foto-Consigliere-Oteri.jpg","author_info":{"display_name":"red.me","author_link":"https:\/\/www.messinaoggi.it\/website\/author\/red-me\/"},"digistream_id":0,"digistream":false,"_links":{"self":[{"href":"https:\/\/www.messinaoggi.it\/website\/wp-json\/wp\/v2\/posts\/253973"}],"collection":[{"href":"https:\/\/www.messinaoggi.it\/website\/wp-json\/wp\/v2\/posts"}],"about":[{"href":"https:\/\/www.messinaoggi.it\/website\/wp-json\/wp\/v2\/types\/post"}],"author":[{"embeddable":true,"href":"https:\/\/www.messinaoggi.it\/website\/wp-json\/wp\/v2\/users\/15"}],"replies":[{"embeddable":true,"href":"https:\/\/www.messinaoggi.it\/website\/wp-json\/wp\/v2\/comments?post=253973"}],"version-history":[{"count":4,"href":"https:\/\/www.messinaoggi.it\/website\/wp-json\/wp\/v2\/posts\/253973\/revisions"}],"predecessor-version":[{"id":253977,"href":"https:\/\/www.messinaoggi.it\/website\/wp-json\/wp\/v2\/posts\/253973\/revisions\/253977"}],"wp:featuredmedia":[{"embeddable":true,"href":"https:\/\/www.messinaoggi.it\/website\/wp-json\/wp\/v2\/media\/149752"}],"wp:attachment":[{"href":"https:\/\/www.messinaoggi.it\/website\/wp-json\/wp\/v2\/media?parent=253973"}],"wp:term":[{"taxonomy":"category","embeddable":true,"href":"https:\/\/www.messinaoggi.it\/website\/wp-json\/wp\/v2\/categories?post=253973"},{"taxonomy":"post_tag","embeddable":true,"href":"https:\/\/www.messinaoggi.it\/website\/wp-json\/wp\/v2\/tags?post=253973"}],"curies":[{"name":"wp","href":"https:\/\/api.w.org\/{rel}","templated":true}]}}