{"id":253929,"date":"2025-11-05T22:06:49","date_gmt":"2025-11-05T21:06:49","guid":{"rendered":"https:\/\/www.messinaoggi.it\/website\/2025\/11\/05\/iren-teha-26-mld-investimenti-per-le-materie-prime-critiche\/"},"modified":"2025-11-05T22:06:49","modified_gmt":"2025-11-05T21:06:49","slug":"iren-teha-26-mld-investimenti-per-le-materie-prime-critiche","status":"publish","type":"post","link":"https:\/\/www.messinaoggi.it\/website\/2025\/11\/05\/iren-teha-26-mld-investimenti-per-le-materie-prime-critiche\/","title":{"rendered":"Iren-Teha, 2,6 mld investimenti per le materie prime critiche"},"content":{"rendered":"<div>RIMINI (ITALPRESS) &#8211; L&#8217;Italia potrebbe coprire fino al 66% del proprio fabbisogno di materie prime critiche con un investimento mirato di 2,6 miliardi di euro nella filiera del riciclo. E&#8217; quanto emerge dal Rapporto Strategico &#8220;La geopolitica delle materie Prime Critiche: le opportunit\u00e0 del Piano Mattei e dell&#8217;urban mining per la competitivit\u00e0 industriale in Italia&#8221;, presentato da Iren a Ecomondo di Rimini e realizzato da Teha Group.<br \/>Per l&#8217;Italia, l&#8217;introduzione della nuova &#8220;tassa RAEE&#8221; proposta a livello europeo rischia di tradursi in un costo stimato in 2,6 miliardi di euro all&#8217;anno, legato all&#8217;insufficiente capacit\u00e0 di raccolta e trattamento dei rifiuti da apparecchiature elettriche ed elettroniche (RAEE).<br \/>&#8220;Il 31% del nostro PIL dipende direttamente o indirettamente dalle materie prime critiche &#8211; afferma Luca Dal Fabbro, Presidente di Iren &#8211; Oggi raccogliamo il 30% dei RAEE. Per raccogliere il 100% occorre organizzare consorzi molto pi\u00f9 efficaci ed efficienti.<br \/>Iren \u00e8 il front runner, \u00e8 l&#8217;azienda pi\u00f9 avanzata del Paese sulle materie prime critiche, ha iniziato tre anni fa, prima ancora dell&#8217;Europa, prima ancora delle istituzioni, a lavorare sull&#8217;impiantistica nuova. Rappresenta in Europa probabilmente il settore industriale pi\u00f9 avanzato per il recupero delle materie prime critiche&#8221;.<br \/>Dal rapporto emerge una domanda globale di materie prime critiche in crescita dell&#8217;11% rispetto al 2021, destinata a salire di un ulteriore 34% entro il 2030, con l&#8217;intelligenza artificiale e i data center che potrebbero aggiungere un +10% di fabbisogno.<br \/>&#8220;Il valore delle materie prime critiche per l&#8217;economia europea &#8211;<br \/>afferma Valerio De Molli, CEO di The European House &#8211; Ambrosetti &#8211; \u00e8 di 4 trilioni di valore aggiunto che scomparirebbero se non ci fossero le materie prime critiche, significa il 22% del PIL dell&#8217;Europa e per l&#8217;Italia questo dato \u00e8 il pi\u00f9 grande di tutta Europa. E&#8217; urgente agire presto con una politica di indirizzo e di valorizzazione&#8221;.<br \/>-foto Italpress &#8211;<br \/>(ITALPRESS).<\/div>\n<div id=\"div-gpt-ad-Messinaoggi.it-DSK-300x250-corpoart\" style=\"text-align:center;margin:0 auto;\"><\/div><\/p><div id=\"videoincontent\" style=\"clear:both\";><\/div>","protected":false},"excerpt":{"rendered":"<p>RIMINI (ITALPRESS) &#8211; L&#8217;Italia potrebbe coprire fino al 66% del proprio fabbisogno di materie prime critiche con un investimento mirato di 2,6 miliardi di euro nella filiera del riciclo. E&#8217; quanto emerge dal Rapporto Strategico &#8220;La geopolitica delle materie Prime Critiche: le opportunit\u00e0 del Piano Mattei e dell&#8217;urban mining per la competitivit\u00e0 industriale in Italia&#8221;, [&hellip;]<\/p>\n","protected":false},"author":18,"featured_media":253930,"comment_status":"closed","ping_status":"closed","sticky":false,"template":"","format":"standard","meta":{"ub_ctt_via":"","_mi_skip_tracking":false},"categories":[446],"tags":[783],"featured_image_src":"https:\/\/www.messinaoggi.it\/website\/wp-content\/uploads\/2025\/11\/20251105_2682.jpg","author_info":{"display_name":"Admin","author_link":"https:\/\/www.messinaoggi.it\/website\/author\/admin\/"},"digistream_id":0,"digistream":false,"_links":{"self":[{"href":"https:\/\/www.messinaoggi.it\/website\/wp-json\/wp\/v2\/posts\/253929"}],"collection":[{"href":"https:\/\/www.messinaoggi.it\/website\/wp-json\/wp\/v2\/posts"}],"about":[{"href":"https:\/\/www.messinaoggi.it\/website\/wp-json\/wp\/v2\/types\/post"}],"author":[{"embeddable":true,"href":"https:\/\/www.messinaoggi.it\/website\/wp-json\/wp\/v2\/users\/18"}],"replies":[{"embeddable":true,"href":"https:\/\/www.messinaoggi.it\/website\/wp-json\/wp\/v2\/comments?post=253929"}],"version-history":[{"count":0,"href":"https:\/\/www.messinaoggi.it\/website\/wp-json\/wp\/v2\/posts\/253929\/revisions"}],"wp:featuredmedia":[{"embeddable":true,"href":"https:\/\/www.messinaoggi.it\/website\/wp-json\/wp\/v2\/media\/253930"}],"wp:attachment":[{"href":"https:\/\/www.messinaoggi.it\/website\/wp-json\/wp\/v2\/media?parent=253929"}],"wp:term":[{"taxonomy":"category","embeddable":true,"href":"https:\/\/www.messinaoggi.it\/website\/wp-json\/wp\/v2\/categories?post=253929"},{"taxonomy":"post_tag","embeddable":true,"href":"https:\/\/www.messinaoggi.it\/website\/wp-json\/wp\/v2\/tags?post=253929"}],"curies":[{"name":"wp","href":"https:\/\/api.w.org\/{rel}","templated":true}]}}