{"id":253905,"date":"2025-11-05T18:06:45","date_gmt":"2025-11-05T17:06:45","guid":{"rendered":"https:\/\/www.messinaoggi.it\/website\/2025\/11\/05\/ue-tajani-superamento-voto-unanimita-non-e-allordine-del-giorno\/"},"modified":"2025-11-05T18:06:45","modified_gmt":"2025-11-05T17:06:45","slug":"ue-tajani-superamento-voto-unanimita-non-e-allordine-del-giorno","status":"publish","type":"post","link":"https:\/\/www.messinaoggi.it\/website\/2025\/11\/05\/ue-tajani-superamento-voto-unanimita-non-e-allordine-del-giorno\/","title":{"rendered":"Ue, Tajani \u201cSuperamento voto unanimit\u00e0 non \u00e8 all\u2019ordine del giorno\u201d"},"content":{"rendered":"<div>ROMA (ITALPRESS) &#8211; &#8220;<em>L&#8217;Unione europea \u00e8, insieme al rapporto transatlantico, uno dei cardini della politica estera di questo governo: dall&#8217;Europa provengono sicurezza e benessere dei nostri cittadini, se qualcuno pensa che sia possibile rispondere da soli a sfide come l&#8217;aggressione russa in Ucraina, minacce ibride, terrorismo e ritorno del protezionismo si illude&#8221;.<\/em> Cos\u00ec il vicepremier e ministro degli Esteri Antonio <strong>Tajani<\/strong> durante il question time alla Camera.<em> &#8220;Siamo orgogliosi del cammino compiuto fin qui in un&#8217;Unione europea fondata su pace, libert\u00e0, democrazia e stato di diritto, ma \u00e8 chiaro a tutti che oggi l&#8217;Europa \u00e8 in mezzo al guado e non riesce a essere incisiva come dovrebbe. E&#8217; necessario<\/em> &#8211; ha aggiunto &#8211; <em>un salto di qualit\u00e0, per essere nuovamente motore di crescita e competitivit\u00e0 per cittadini e imprese&#8221;.<\/em><div id=\"div-gpt-ad-Messinaoggi.it-DSK-300x250-corpoart\" style=\"text-align:center;margin:0 auto;\"><\/div><\/p>\n<p>Per Tajani <em>&#8220;serve anche una politica industriale europea per evitare la desertificazione del nostro tessuto produttivo, cos\u00ec come un abbassamento dei costi dell&#8217;energia, un rafforzamento del mercato unico e un processo di semplificazione burocratica; su questo abbiamo un dialogo continuo con Bruxelles. L&#8217;Europa deve assumersi le proprie responsabilit\u00e0 in politica estera e realizzare il pilastro europeo della Nato, in prospettiva di una difesa europea: non ci si pu\u00f2 fermare a un dibattito, a volte strumentale, sui meccanismi decisionali, su cui avremo modo e tempo per una riflessione approfondita; al momento non sono all&#8217;ordine del giorno per il governo. A Bruxelles l&#8217;Italia \u00e8 sempre pi\u00f9 ascoltata, grazie alla stabilit\u00e0 e alla seriet\u00e0 delle nostre politiche&#8221;.<\/em><div id=\"videoincontent\" style=\"clear:both\";><\/div><\/p>\n<p>-Foto: Farnesina-<\/p>\n<p>(ITALPRESS).<\/p><\/div>\n","protected":false},"excerpt":{"rendered":"<p>ROMA (ITALPRESS) &#8211; &#8220;L&#8217;Unione europea \u00e8, insieme al rapporto transatlantico, uno dei cardini della politica estera di questo governo: dall&#8217;Europa provengono sicurezza e benessere dei nostri cittadini, se qualcuno pensa che sia possibile rispondere da soli a sfide come l&#8217;aggressione russa in Ucraina, minacce ibride, terrorismo e ritorno del protezionismo si illude&#8221;. Cos\u00ec il vicepremier [&hellip;]<\/p>\n","protected":false},"author":18,"featured_media":253906,"comment_status":"closed","ping_status":"closed","sticky":false,"template":"","format":"standard","meta":{"ub_ctt_via":"","_mi_skip_tracking":false},"categories":[446],"tags":[783],"featured_image_src":"https:\/\/www.messinaoggi.it\/website\/wp-content\/uploads\/2025\/11\/20251105_1534.jpg","author_info":{"display_name":"Admin","author_link":"https:\/\/www.messinaoggi.it\/website\/author\/admin\/"},"digistream_id":0,"digistream":false,"_links":{"self":[{"href":"https:\/\/www.messinaoggi.it\/website\/wp-json\/wp\/v2\/posts\/253905"}],"collection":[{"href":"https:\/\/www.messinaoggi.it\/website\/wp-json\/wp\/v2\/posts"}],"about":[{"href":"https:\/\/www.messinaoggi.it\/website\/wp-json\/wp\/v2\/types\/post"}],"author":[{"embeddable":true,"href":"https:\/\/www.messinaoggi.it\/website\/wp-json\/wp\/v2\/users\/18"}],"replies":[{"embeddable":true,"href":"https:\/\/www.messinaoggi.it\/website\/wp-json\/wp\/v2\/comments?post=253905"}],"version-history":[{"count":0,"href":"https:\/\/www.messinaoggi.it\/website\/wp-json\/wp\/v2\/posts\/253905\/revisions"}],"wp:featuredmedia":[{"embeddable":true,"href":"https:\/\/www.messinaoggi.it\/website\/wp-json\/wp\/v2\/media\/253906"}],"wp:attachment":[{"href":"https:\/\/www.messinaoggi.it\/website\/wp-json\/wp\/v2\/media?parent=253905"}],"wp:term":[{"taxonomy":"category","embeddable":true,"href":"https:\/\/www.messinaoggi.it\/website\/wp-json\/wp\/v2\/categories?post=253905"},{"taxonomy":"post_tag","embeddable":true,"href":"https:\/\/www.messinaoggi.it\/website\/wp-json\/wp\/v2\/tags?post=253905"}],"curies":[{"name":"wp","href":"https:\/\/api.w.org\/{rel}","templated":true}]}}