{"id":253858,"date":"2025-11-04T23:06:43","date_gmt":"2025-11-04T22:06:43","guid":{"rendered":"https:\/\/www.messinaoggi.it\/website\/2025\/11\/04\/iren-punta-su-sostenibilita-e-territorio-come-leva-di-sviluppo\/"},"modified":"2025-11-04T23:06:43","modified_gmt":"2025-11-04T22:06:43","slug":"iren-punta-su-sostenibilita-e-territorio-come-leva-di-sviluppo","status":"publish","type":"post","link":"https:\/\/www.messinaoggi.it\/website\/2025\/11\/04\/iren-punta-su-sostenibilita-e-territorio-come-leva-di-sviluppo\/","title":{"rendered":"Iren punta su sostenibilit\u00e0 e territorio come leva di sviluppo"},"content":{"rendered":"<div>RIMINI (ITALPRESS) &#8211; In un contesto mondiale segnato da instabilit\u00e0 commerciale, energetica e geopolitica, il dibattito sulla sostenibilit\u00e0 assume un valore sempre pi\u00f9 strategico per il futuro delle imprese. E&#8217; in questo scenario che si \u00e8 svolto, nell&#8217;ambito di Ecomondo, a Rimini, un incontro su sostenibilit\u00e0 e ESG, con l&#8217;obiettivo di esplorare le condizioni per un cambiamento equo e competitivo nel panorama economico europeo.<br \/>&#8220;Viviamo in un mondo &#8211; afferma Gianluca Bufo, amministratore delegato di Iren &#8211; in cui l&#8217;accelerazione dei trend globali, dalla digitalizzazione alla transizione energetica ed ecologica, rende il cambiamento sempre pi\u00f9 rapido, dentro e fuori le aziende&#8221;.<br \/>E&#8217; in questo contesto che i principi ESG (Environmental, Social, Governance) assumono un ruolo cruciale, diventando veri e propri pilastri strategici, capaci di orientare le decisioni e gli investimenti verso modelli di sviluppo sostenibili e inclusivi.<br \/>&#8220;Una finanza orientata alla sostenibilit\u00e0 &#8211; aggiunge Bufo &#8211; rappresenta le fondamenta su cui costruire strategie e investimenti, soprattutto in settori come la gestione dei rifiuti e il ciclo idrico. Per il gruppo IREN &#8211; aggiunge -, rimanere focalizzati sui propri core business e sui valori che da oltre cent&#8217;anni guidano le proprie attivit\u00e0 significa affrontare il futuro con una visione chiara, investendo nella qualit\u00e0 del servizio e nella coerenza con i territori in cui opera&#8221;.<div id=\"div-gpt-ad-Messinaoggi.it-DSK-300x250-corpoart\" style=\"text-align:center;margin:0 auto;\"><\/div><\/p>\n<p>&#8211; Foto Italpress &#8211;<div id=\"videoincontent\" style=\"clear:both\";><\/div><\/p>\n<p>(ITALPRESS).<\/p><\/div>\n","protected":false},"excerpt":{"rendered":"<p>RIMINI (ITALPRESS) &#8211; In un contesto mondiale segnato da instabilit\u00e0 commerciale, energetica e geopolitica, il dibattito sulla sostenibilit\u00e0 assume un valore sempre pi\u00f9 strategico per il futuro delle imprese. E&#8217; in questo scenario che si \u00e8 svolto, nell&#8217;ambito di Ecomondo, a Rimini, un incontro su sostenibilit\u00e0 e ESG, con l&#8217;obiettivo di esplorare le condizioni per [&hellip;]<\/p>\n","protected":false},"author":18,"featured_media":253859,"comment_status":"closed","ping_status":"closed","sticky":false,"template":"","format":"standard","meta":{"ub_ctt_via":"","_mi_skip_tracking":false},"categories":[446],"tags":[783],"featured_image_src":"https:\/\/www.messinaoggi.it\/website\/wp-content\/uploads\/2025\/11\/20251104_3102.jpg","author_info":{"display_name":"Admin","author_link":"https:\/\/www.messinaoggi.it\/website\/author\/admin\/"},"digistream_id":0,"digistream":false,"_links":{"self":[{"href":"https:\/\/www.messinaoggi.it\/website\/wp-json\/wp\/v2\/posts\/253858"}],"collection":[{"href":"https:\/\/www.messinaoggi.it\/website\/wp-json\/wp\/v2\/posts"}],"about":[{"href":"https:\/\/www.messinaoggi.it\/website\/wp-json\/wp\/v2\/types\/post"}],"author":[{"embeddable":true,"href":"https:\/\/www.messinaoggi.it\/website\/wp-json\/wp\/v2\/users\/18"}],"replies":[{"embeddable":true,"href":"https:\/\/www.messinaoggi.it\/website\/wp-json\/wp\/v2\/comments?post=253858"}],"version-history":[{"count":0,"href":"https:\/\/www.messinaoggi.it\/website\/wp-json\/wp\/v2\/posts\/253858\/revisions"}],"wp:featuredmedia":[{"embeddable":true,"href":"https:\/\/www.messinaoggi.it\/website\/wp-json\/wp\/v2\/media\/253859"}],"wp:attachment":[{"href":"https:\/\/www.messinaoggi.it\/website\/wp-json\/wp\/v2\/media?parent=253858"}],"wp:term":[{"taxonomy":"category","embeddable":true,"href":"https:\/\/www.messinaoggi.it\/website\/wp-json\/wp\/v2\/categories?post=253858"},{"taxonomy":"post_tag","embeddable":true,"href":"https:\/\/www.messinaoggi.it\/website\/wp-json\/wp\/v2\/tags?post=253858"}],"curies":[{"name":"wp","href":"https:\/\/api.w.org\/{rel}","templated":true}]}}