{"id":253808,"date":"2025-11-04T13:06:44","date_gmt":"2025-11-04T12:06:44","guid":{"rendered":"https:\/\/www.messinaoggi.it\/website\/2025\/11\/04\/4-novembre-mattarella-coronamento-del-sogno-dellunita-ditalia\/"},"modified":"2025-11-04T13:06:44","modified_gmt":"2025-11-04T12:06:44","slug":"4-novembre-mattarella-coronamento-del-sogno-dellunita-ditalia","status":"publish","type":"post","link":"https:\/\/www.messinaoggi.it\/website\/2025\/11\/04\/4-novembre-mattarella-coronamento-del-sogno-dellunita-ditalia\/","title":{"rendered":"4 Novembre, Mattarella \u201cCoronamento del sogno dell\u2019unit\u00e0 d\u2019Italia\u201d"},"content":{"rendered":"<div>ROMA (ITALPRESS) &#8211; &#8220;Il 4 novembre segna la data in cui l&#8217;armistizio di Villa Giusti pose termine alla Guerra mondiale che aveva insanguinato l&#8217;Europa, con il coronamento del sogno risorgimentale dell&#8217;unit\u00e0 d&#8217;Italia. La Giornata dell&#8217;Unit\u00e0 Nazionale e delle Forze Armate che oggi celebriamo \u00e8 momento di ricordo e di espressione della riconoscenza del Paese per quanto i cittadini in uniforme fecero, combattendo per fare dell&#8217;Italia una Nazione indipendente e libera, ispirata a valori democratici e di pace.  Il contributo delle Forze Armate in oltre un secolo e mezzo \u00e8 stato prezioso per l&#8217;affermazione del ruolo internazionale del nostro Paese. Con grande professionalit\u00e0 e umanit\u00e0, negli ultimi decenni, sono intervenute, su mandato della comunit\u00e0 internazionale, in soccorso a popolazioni e in contesti dove \u00e8 stato urgente operare per la pace&#8221;. Cos\u00ec il Presidente della Repubblica, Sergio Mattarella, nel messaggio inviato al Ministro della Difesa, Guido Crosetto.<br \/>&#8220;Oggi nuovi conflitti si sono affacciati in Europa e nel Mediterraneo, interpellando la cornice di sicurezza costruita nel dopoguerra e le istituzioni poste a suo presidio.<br \/>Il pericolo di allargamento del sanguinoso conflitto scatenato dalla aggressione all&#8217;Ucraina da parte della Federazione Russa impone grande attenzione e un impegnativo sforzo di adattamento dello strumento militare, per la creazione di una comune forza di difesa europea che, in stretta cooperazione con l&#8217;Alleanza Atlantica, sia strumento di sicurezza per l&#8217;Italia e l&#8217;Europa.<br \/>L&#8217;instancabile operato delle Forze Armate lungo tutto l&#8217;arco di crisi del Mediterraneo allargato, dove permangono situazioni di contrasto e fragili tregue, rimane fondamentale. In questa giornata, un commosso pensiero va a coloro che sono caduti, sacrificando le loro vite per l&#8217;Italia. E&#8217; un sentimento che richiama soprattutto le giovani generazioni, affinch\u00e8 siano consapevoli della necessit\u00e0 di impegno a difesa dei valori della nostra Costituzione. Con questi sentimenti, rivolgo l&#8217;augurio pi\u00f9 intenso e partecipato di tutti gli italiani ai soldati, ai marinai, agli avieri, ai carabinieri, ai finanzieri e al personale civile della Difesa che con professionalit\u00e0 e dedizione lavorano ogni giorno per il pi\u00f9 alto bene della Repubblica. <br \/>Viva le Forze Armate, viva l&#8217;Italia&#8221; conclude il Presidente Mattarella.<div id=\"div-gpt-ad-Messinaoggi.it-DSK-300x250-corpoart\" style=\"text-align:center;margin:0 auto;\"><\/div><\/p>\n<p>foto: ufficio stampa Quirinale<div id=\"videoincontent\" style=\"clear:both\";><\/div><\/p>\n<p>(ITALPRESS).<\/p><\/div>\n","protected":false},"excerpt":{"rendered":"<p>ROMA (ITALPRESS) &#8211; &#8220;Il 4 novembre segna la data in cui l&#8217;armistizio di Villa Giusti pose termine alla Guerra mondiale che aveva insanguinato l&#8217;Europa, con il coronamento del sogno risorgimentale dell&#8217;unit\u00e0 d&#8217;Italia. La Giornata dell&#8217;Unit\u00e0 Nazionale e delle Forze Armate che oggi celebriamo \u00e8 momento di ricordo e di espressione della riconoscenza del Paese per [&hellip;]<\/p>\n","protected":false},"author":18,"featured_media":253809,"comment_status":"closed","ping_status":"closed","sticky":false,"template":"","format":"standard","meta":{"ub_ctt_via":"","_mi_skip_tracking":false},"categories":[446],"tags":[783],"featured_image_src":"https:\/\/www.messinaoggi.it\/website\/wp-content\/uploads\/2025\/11\/20251104_0145.jpg","author_info":{"display_name":"Admin","author_link":"https:\/\/www.messinaoggi.it\/website\/author\/admin\/"},"digistream_id":0,"digistream":false,"_links":{"self":[{"href":"https:\/\/www.messinaoggi.it\/website\/wp-json\/wp\/v2\/posts\/253808"}],"collection":[{"href":"https:\/\/www.messinaoggi.it\/website\/wp-json\/wp\/v2\/posts"}],"about":[{"href":"https:\/\/www.messinaoggi.it\/website\/wp-json\/wp\/v2\/types\/post"}],"author":[{"embeddable":true,"href":"https:\/\/www.messinaoggi.it\/website\/wp-json\/wp\/v2\/users\/18"}],"replies":[{"embeddable":true,"href":"https:\/\/www.messinaoggi.it\/website\/wp-json\/wp\/v2\/comments?post=253808"}],"version-history":[{"count":0,"href":"https:\/\/www.messinaoggi.it\/website\/wp-json\/wp\/v2\/posts\/253808\/revisions"}],"wp:featuredmedia":[{"embeddable":true,"href":"https:\/\/www.messinaoggi.it\/website\/wp-json\/wp\/v2\/media\/253809"}],"wp:attachment":[{"href":"https:\/\/www.messinaoggi.it\/website\/wp-json\/wp\/v2\/media?parent=253808"}],"wp:term":[{"taxonomy":"category","embeddable":true,"href":"https:\/\/www.messinaoggi.it\/website\/wp-json\/wp\/v2\/categories?post=253808"},{"taxonomy":"post_tag","embeddable":true,"href":"https:\/\/www.messinaoggi.it\/website\/wp-json\/wp\/v2\/tags?post=253808"}],"curies":[{"name":"wp","href":"https:\/\/api.w.org\/{rel}","templated":true}]}}