{"id":253754,"date":"2025-11-03T16:06:45","date_gmt":"2025-11-03T15:06:45","guid":{"rendered":"https:\/\/www.messinaoggi.it\/website\/2025\/11\/03\/conte-sono-sereno-il-napoli-in-testa-da-fastidio\/"},"modified":"2025-11-03T16:06:45","modified_gmt":"2025-11-03T15:06:45","slug":"conte-sono-sereno-il-napoli-in-testa-da-fastidio","status":"publish","type":"post","link":"https:\/\/www.messinaoggi.it\/website\/2025\/11\/03\/conte-sono-sereno-il-napoli-in-testa-da-fastidio\/","title":{"rendered":"Conte \u201cSono sereno, il Napoli in testa d\u00e0 fastidio\u201d"},"content":{"rendered":"<div>NAPOLI (ITALPRESS) &#8211; <em>&#8220;<strong>Sono sereno: ho una squadra forte a livello mentale.<\/strong> Il Napoli in testa alla Serie A d\u00e0 fastidio e mette paura. Gilmour e Spinazzola sono da valutare. Se vinciamo domani rimettiamo in sesto la classifica di Champions&#8221;.<\/em> Questi i titoli della conferenza stampa odierna di <strong>Antonio Conte, alla vigilia della quarta gara della prima fase di Champions League, in casa, contro l&#8217;Eintracht Francoforte.<\/strong> Il tutto senza dimenticare un passaggio importante sugli arbitri e sul sistema, che <em>&#8220;non si basa su fondamenta solide&#8221;.<\/em> &#8220;<em>Il campionato per ora lo &#8216;mettiamo nel cassett\u00f2. Pensiamo alla Champions, domani abbiamo una gara troppo importante. Dobbiamo valutare le condizioni fisiche di Gilmour e Spinazzola. Sono comunque sereno: ho una squadra forte a livello mentale&#8221;<\/em>, ha detto il tecnico del team azzurro.<em><strong> &#8220;In tre mesi ho visto solo critiche, eppure siamo primi in classifica.<\/strong> Sono venuti a mancare giocatori importanti come Lukaku. Si \u00e8 fatto male De Bruyne. Rrahmani \u00e8 tornato solo contro il Como. Buongiorno ha avuto le sue difficolt\u00e0&#8221;<\/em>, ha aggiunto Conte.<div id=\"div-gpt-ad-Messinaoggi.it-DSK-300x250-corpoart\" style=\"text-align:center;margin:0 auto;\"><\/div><\/p>\n<p><em><strong>&#8220;Il Napoli che lotta per i primi posti d\u00e0 fastidio. Io lo capisco.<\/strong> I calciatori stanno dando tutto. I nuovi si stanno inserendo. Nonostante le difficolt\u00e0 noi siamo l\u00ec e questo d\u00e0 fastidio. Il valore di Italia e Germania a livello calcistico? Non penso che il campionato italiano sia dietro a quello della Bundesliga. Il livello \u00e8 uguale. In questo momento chi \u00e8 fuori portata \u00e8 la Premier, per via di tantissime cose: dalla potenza economica, alle infrastrutture, alla crescita che hanno avuto. Vincendo domani sera possiamo rimettere in sesto la classifica in Champions League. E&#8217; un&#8217;avversaria forte l&#8217;Eintracht ma noi vogliamo i tre punti&#8221;,<\/em> ha proseguito il tecnico del Napoli.<div id=\"videoincontent\" style=\"clear:both\";><\/div><\/p>\n<p>Poi, tornando sui singoli, ha affermato:<em> &#8220;Lobotka ha fatto l&#8217;ultima parte con il Como. Era al rientro e sicuramente dargli pi\u00f9 minutaggio era un serio rischio. Parlando con lui abbiamo optato per questa soluzione. Anche Rrahmani \u00e8 venuto in panchina con il Lecce. Sono andato da lui per chiedere se voleva giocare. Col Como ha giocato. Lobo dovrebbe esserci per la gara di domani. Ha superato la problematica che ha avuto. Elmas ha avuto un ottimo impatto e sono contento. Anche Gutierrez va meglio&#8221;.<\/em><\/p>\n<p>Chiusura sugli arbitri: <em>&#8220;Appena qualcuno ha parlato \u00e8 successo di tutto e di pi\u00f9. Non parliamo degli arbitri, senn\u00f2 li mandiamo in confusione. Crediamo nell&#8217;attenzione equilibrata da parte loro. A volte vedi come il sistema non si basa su fondamenta solide, perch\u00e8 al primo soffio di vento e appena qualcuno si \u00e8 alzato avete visto cosa \u00e8 successo. Io parlo della realt\u00e0 dei fatti. A volte faccio veramente fatica a capire il monitor. Quando uno viene chiamato a vedere non per forza deve cambiare idea. Facciamo attenzione, perch\u00e8 la situazione \u00e8 debole&#8221;.<\/em><\/p>\n<p>&#8211; foto Ipa Agency &#8211;<br \/>\n(ITALPRESS).<\/p><\/div>\n","protected":false},"excerpt":{"rendered":"<p>NAPOLI (ITALPRESS) &#8211; &#8220;Sono sereno: ho una squadra forte a livello mentale. Il Napoli in testa alla Serie A d\u00e0 fastidio e mette paura. Gilmour e Spinazzola sono da valutare. Se vinciamo domani rimettiamo in sesto la classifica di Champions&#8221;. Questi i titoli della conferenza stampa odierna di Antonio Conte, alla vigilia della quarta gara [&hellip;]<\/p>\n","protected":false},"author":18,"featured_media":253755,"comment_status":"closed","ping_status":"closed","sticky":false,"template":"","format":"standard","meta":{"ub_ctt_via":"","_mi_skip_tracking":false},"categories":[446],"tags":[783],"featured_image_src":"https:\/\/www.messinaoggi.it\/website\/wp-content\/uploads\/2025\/11\/20251103_0806.jpg","author_info":{"display_name":"Admin","author_link":"https:\/\/www.messinaoggi.it\/website\/author\/admin\/"},"digistream_id":0,"digistream":false,"_links":{"self":[{"href":"https:\/\/www.messinaoggi.it\/website\/wp-json\/wp\/v2\/posts\/253754"}],"collection":[{"href":"https:\/\/www.messinaoggi.it\/website\/wp-json\/wp\/v2\/posts"}],"about":[{"href":"https:\/\/www.messinaoggi.it\/website\/wp-json\/wp\/v2\/types\/post"}],"author":[{"embeddable":true,"href":"https:\/\/www.messinaoggi.it\/website\/wp-json\/wp\/v2\/users\/18"}],"replies":[{"embeddable":true,"href":"https:\/\/www.messinaoggi.it\/website\/wp-json\/wp\/v2\/comments?post=253754"}],"version-history":[{"count":0,"href":"https:\/\/www.messinaoggi.it\/website\/wp-json\/wp\/v2\/posts\/253754\/revisions"}],"wp:featuredmedia":[{"embeddable":true,"href":"https:\/\/www.messinaoggi.it\/website\/wp-json\/wp\/v2\/media\/253755"}],"wp:attachment":[{"href":"https:\/\/www.messinaoggi.it\/website\/wp-json\/wp\/v2\/media?parent=253754"}],"wp:term":[{"taxonomy":"category","embeddable":true,"href":"https:\/\/www.messinaoggi.it\/website\/wp-json\/wp\/v2\/categories?post=253754"},{"taxonomy":"post_tag","embeddable":true,"href":"https:\/\/www.messinaoggi.it\/website\/wp-json\/wp\/v2\/tags?post=253754"}],"curies":[{"name":"wp","href":"https:\/\/api.w.org\/{rel}","templated":true}]}}