{"id":253752,"date":"2025-11-03T16:06:41","date_gmt":"2025-11-03T15:06:41","guid":{"rendered":"https:\/\/www.messinaoggi.it\/website\/2025\/11\/03\/difesa-crosetto-serve-investire-non-perche-lo-chiede-la-nato\/"},"modified":"2025-11-03T16:06:41","modified_gmt":"2025-11-03T15:06:41","slug":"difesa-crosetto-serve-investire-non-perche-lo-chiede-la-nato","status":"publish","type":"post","link":"https:\/\/www.messinaoggi.it\/website\/2025\/11\/03\/difesa-crosetto-serve-investire-non-perche-lo-chiede-la-nato\/","title":{"rendered":"Difesa, Crosetto \u201cServe investire non perch\u00e8 lo chiede la Nato\u201d"},"content":{"rendered":"<div>ROMA (ITALPRESS) &#8211; &#8220;Dobbiamo prepararci in modo serio a difendere il Paese, io vivo la mia responsabilit\u00e0 da ministro ogni giorno pi\u00f9 preoccupato con l&#8217;ansia di vedere cose che non vorrei vedere.<br \/>E&#8217; una sensazione che mi sono stufato di vivere da solo, circondato da un Paese che non capisce che i tempi sono cambiati.<br \/>La difesa ha il compito di programmare per affrontare qualsiasi scenario, non siamo ancora all&#8217;altezza di farlo e il tempo non lo decidiamo noi&#8221;. Lo ha detto il ministro della Difesa, Guido Crosetto, nel corso della presentazione del calendario della Difesa. &#8220;Noi non dobbiamo investire in difesa perch\u00e8 ce lo chiede la Nato, ma per noi. Questa \u00e8 la difesa oggi, la difesa dovr\u00e0 lavorare nei prossimi mesi h24, 7 giorni su 7, per recuperare un gap. La situazione di sicurezza nel mondo \u00e8 quella che vediamo, e in questa situazione si conta quando hai la capacit\u00e0 di difenderti e di attaccare, a noi interessa la capacit\u00e0 di difendersi&#8221;, ha aggiunto.<br \/>(ITALPRESS).<br \/>-Foto: Ipa Agency-<\/div>\n<div id=\"div-gpt-ad-Messinaoggi.it-DSK-300x250-corpoart\" style=\"text-align:center;margin:0 auto;\"><\/div><\/p><div id=\"videoincontent\" style=\"clear:both\";><\/div>","protected":false},"excerpt":{"rendered":"<p>ROMA (ITALPRESS) &#8211; &#8220;Dobbiamo prepararci in modo serio a difendere il Paese, io vivo la mia responsabilit\u00e0 da ministro ogni giorno pi\u00f9 preoccupato con l&#8217;ansia di vedere cose che non vorrei vedere.E&#8217; una sensazione che mi sono stufato di vivere da solo, circondato da un Paese che non capisce che i tempi sono cambiati.La difesa [&hellip;]<\/p>\n","protected":false},"author":18,"featured_media":253753,"comment_status":"closed","ping_status":"closed","sticky":false,"template":"","format":"standard","meta":{"ub_ctt_via":"","_mi_skip_tracking":false},"categories":[446],"tags":[783],"featured_image_src":"https:\/\/www.messinaoggi.it\/website\/wp-content\/uploads\/2025\/11\/20251103_0778.jpg","author_info":{"display_name":"Admin","author_link":"https:\/\/www.messinaoggi.it\/website\/author\/admin\/"},"digistream_id":0,"digistream":false,"_links":{"self":[{"href":"https:\/\/www.messinaoggi.it\/website\/wp-json\/wp\/v2\/posts\/253752"}],"collection":[{"href":"https:\/\/www.messinaoggi.it\/website\/wp-json\/wp\/v2\/posts"}],"about":[{"href":"https:\/\/www.messinaoggi.it\/website\/wp-json\/wp\/v2\/types\/post"}],"author":[{"embeddable":true,"href":"https:\/\/www.messinaoggi.it\/website\/wp-json\/wp\/v2\/users\/18"}],"replies":[{"embeddable":true,"href":"https:\/\/www.messinaoggi.it\/website\/wp-json\/wp\/v2\/comments?post=253752"}],"version-history":[{"count":0,"href":"https:\/\/www.messinaoggi.it\/website\/wp-json\/wp\/v2\/posts\/253752\/revisions"}],"wp:featuredmedia":[{"embeddable":true,"href":"https:\/\/www.messinaoggi.it\/website\/wp-json\/wp\/v2\/media\/253753"}],"wp:attachment":[{"href":"https:\/\/www.messinaoggi.it\/website\/wp-json\/wp\/v2\/media?parent=253752"}],"wp:term":[{"taxonomy":"category","embeddable":true,"href":"https:\/\/www.messinaoggi.it\/website\/wp-json\/wp\/v2\/categories?post=253752"},{"taxonomy":"post_tag","embeddable":true,"href":"https:\/\/www.messinaoggi.it\/website\/wp-json\/wp\/v2\/tags?post=253752"}],"curies":[{"name":"wp","href":"https:\/\/api.w.org\/{rel}","templated":true}]}}