{"id":253732,"date":"2025-11-03T12:06:48","date_gmt":"2025-11-03T11:06:48","guid":{"rendered":"https:\/\/www.messinaoggi.it\/website\/2025\/11\/03\/terremoto-di-magnitudo-6-3-in-afghanistan-almeno-20-morti\/"},"modified":"2025-11-03T12:06:48","modified_gmt":"2025-11-03T11:06:48","slug":"terremoto-di-magnitudo-6-3-in-afghanistan-almeno-20-morti","status":"publish","type":"post","link":"https:\/\/www.messinaoggi.it\/website\/2025\/11\/03\/terremoto-di-magnitudo-6-3-in-afghanistan-almeno-20-morti\/","title":{"rendered":"Terremoto di magnitudo 6.3 in Afghanistan, almeno 20 morti"},"content":{"rendered":"<div>KABUL (AFGHANISTAN) (ITALPRESS) &#8211; Almeno 20 persone sono morte a seguito del devastante terremoto che ha colpito nella notte il nord dell&#8217;Afghanistan: il sisma, di magnitudo 6.3, si \u00e8 verificato attorno all&#8217;1.30 italiane nei pressi di Mazar-e-Sharif, una delle citt\u00e0 pi\u00f9 grandi del Paese. Numerosi gli edifici crollati. Al momento sono oltre 320 i feriti, ma il bilancio sembra destinato a salire, come riferito da Sharafat Zaman Amar, portavoce del Ministero della Salute del governo talebano.<div id=\"div-gpt-ad-Messinaoggi.it-DSK-300x250-corpoart\" style=\"text-align:center;margin:0 auto;\"><\/div><\/p>\n<p>&#8211; foto Ipa Agency &#8211;<br \/>(ITALPRESS).<\/div>\n<div id=\"videoincontent\" style=\"clear:both\";><\/div>","protected":false},"excerpt":{"rendered":"<p>KABUL (AFGHANISTAN) (ITALPRESS) &#8211; Almeno 20 persone sono morte a seguito del devastante terremoto che ha colpito nella notte il nord dell&#8217;Afghanistan: il sisma, di magnitudo 6.3, si \u00e8 verificato attorno all&#8217;1.30 italiane nei pressi di Mazar-e-Sharif, una delle citt\u00e0 pi\u00f9 grandi del Paese. Numerosi gli edifici crollati. Al momento sono oltre 320 i feriti, [&hellip;]<\/p>\n","protected":false},"author":18,"featured_media":253733,"comment_status":"closed","ping_status":"closed","sticky":false,"template":"","format":"standard","meta":{"ub_ctt_via":"","_mi_skip_tracking":false},"categories":[446],"tags":[783],"featured_image_src":"https:\/\/www.messinaoggi.it\/website\/wp-content\/uploads\/2025\/11\/20251103_0201.jpg","author_info":{"display_name":"Admin","author_link":"https:\/\/www.messinaoggi.it\/website\/author\/admin\/"},"digistream_id":0,"digistream":false,"_links":{"self":[{"href":"https:\/\/www.messinaoggi.it\/website\/wp-json\/wp\/v2\/posts\/253732"}],"collection":[{"href":"https:\/\/www.messinaoggi.it\/website\/wp-json\/wp\/v2\/posts"}],"about":[{"href":"https:\/\/www.messinaoggi.it\/website\/wp-json\/wp\/v2\/types\/post"}],"author":[{"embeddable":true,"href":"https:\/\/www.messinaoggi.it\/website\/wp-json\/wp\/v2\/users\/18"}],"replies":[{"embeddable":true,"href":"https:\/\/www.messinaoggi.it\/website\/wp-json\/wp\/v2\/comments?post=253732"}],"version-history":[{"count":0,"href":"https:\/\/www.messinaoggi.it\/website\/wp-json\/wp\/v2\/posts\/253732\/revisions"}],"wp:featuredmedia":[{"embeddable":true,"href":"https:\/\/www.messinaoggi.it\/website\/wp-json\/wp\/v2\/media\/253733"}],"wp:attachment":[{"href":"https:\/\/www.messinaoggi.it\/website\/wp-json\/wp\/v2\/media?parent=253732"}],"wp:term":[{"taxonomy":"category","embeddable":true,"href":"https:\/\/www.messinaoggi.it\/website\/wp-json\/wp\/v2\/categories?post=253732"},{"taxonomy":"post_tag","embeddable":true,"href":"https:\/\/www.messinaoggi.it\/website\/wp-json\/wp\/v2\/tags?post=253732"}],"curies":[{"name":"wp","href":"https:\/\/api.w.org\/{rel}","templated":true}]}}