{"id":253728,"date":"2025-11-03T12:06:43","date_gmt":"2025-11-03T11:06:43","guid":{"rendered":"https:\/\/www.messinaoggi.it\/website\/2025\/11\/03\/nordio-la-riforma-molti-magistrati-in-privato-sono-a-favore\/"},"modified":"2025-11-03T12:06:43","modified_gmt":"2025-11-03T11:06:43","slug":"nordio-la-riforma-molti-magistrati-in-privato-sono-a-favore","status":"publish","type":"post","link":"https:\/\/www.messinaoggi.it\/website\/2025\/11\/03\/nordio-la-riforma-molti-magistrati-in-privato-sono-a-favore\/","title":{"rendered":"Nordio \u201cLa riforma? Molti magistrati in privato sono a favore\u201d"},"content":{"rendered":"<div>ROMA (ITALPRESS) &#8211; &#8220;Nessun magistrato di buon senso pu\u00f2 pensare che si sia attentato all&#8217;indipendenza. Perch\u00e8 nella legge costituzionale questo principio \u00e8 consacrato a chiare lettere. Capisco che i vertici dell&#8217;Anm siano contrari: nessun tacchino si candida al pranzo di Natale. Ma nella riservatezza&#8230;Molti confessano di essere favorevoli al sorteggio, che li svincola dall&#8217;ipoteca delle correnti. Cos\u00ec come molti sindaci del Pd, segretamente, erano favorevoli all&#8217;abolizione dell&#8217;abuso d&#8217;ufficio. Ogni magistrato sa che la carriera dipende dal Csm, condizionato dalle correnti. Per chi non \u00e8 iscritto diventa difficoltoso. Anche il procuratore Gratteri lo sa. Infatti \u00e8 pro sorteggio&#8221;. Lo dice in un&#8217;intervista al &#8220;Corriere della Sera&#8221; il ministro della Giustizia, Carlo Nordio. Per i togati c&#8217;\u00e8 il sorteggio secco. Per i laici da una lista compilata dai parlamentari. C&#8217;\u00e8 chi pensa sia anticostituzionale. &#8220;Stupidaggine &#8211; replica Nordio -. Come fa una legge costituzionale a essere anticostituzionale? Questa \u00e8 la Costituzione&#8221;.<br \/>Alla domanda se teme che possa diminuire l&#8217;influenza delle correnti e aumenti quella della politica, Nordio risponde che &#8220;no, perch\u00e8 ci siamo mossi nella tradizione dei padri costituenti che hanno voluto una componente politica che \u00e8 degli eletti. Quella togata rappresenter\u00e0 la magistratura nella sua purezza di indipendenza, senza condizionamenti delle correnti&#8221;. Questa riforma, per Nordio, &#8220;fa recuperare alla politica il suo primato costituzionale. Il governo Prodi cadde perch\u00e8 Mastella, mio predecessore, fu indagato per accuse poi rivelatesi infondate. Mi stupisce che una persona intelligente come Elly Schlein non capisca che questa riforma gioverebbe anche a loro, nel momento in cui andassero al governo&#8221;.<div id=\"div-gpt-ad-Messinaoggi.it-DSK-300x250-corpoart\" style=\"text-align:center;margin:0 auto;\"><\/div><\/p>\n<p>&#8211; foto Ipa Agency &#8211;<br \/>(ITALPRESS).<\/div>\n<div id=\"videoincontent\" style=\"clear:both\";><\/div>","protected":false},"excerpt":{"rendered":"<p>ROMA (ITALPRESS) &#8211; &#8220;Nessun magistrato di buon senso pu\u00f2 pensare che si sia attentato all&#8217;indipendenza. Perch\u00e8 nella legge costituzionale questo principio \u00e8 consacrato a chiare lettere. Capisco che i vertici dell&#8217;Anm siano contrari: nessun tacchino si candida al pranzo di Natale. Ma nella riservatezza&#8230;Molti confessano di essere favorevoli al sorteggio, che li svincola dall&#8217;ipoteca delle [&hellip;]<\/p>\n","protected":false},"author":18,"featured_media":253729,"comment_status":"closed","ping_status":"closed","sticky":false,"template":"","format":"standard","meta":{"ub_ctt_via":"","_mi_skip_tracking":false},"categories":[446],"tags":[783],"featured_image_src":"https:\/\/www.messinaoggi.it\/website\/wp-content\/uploads\/2025\/11\/20251103_0113.jpg","author_info":{"display_name":"Admin","author_link":"https:\/\/www.messinaoggi.it\/website\/author\/admin\/"},"digistream_id":0,"digistream":false,"_links":{"self":[{"href":"https:\/\/www.messinaoggi.it\/website\/wp-json\/wp\/v2\/posts\/253728"}],"collection":[{"href":"https:\/\/www.messinaoggi.it\/website\/wp-json\/wp\/v2\/posts"}],"about":[{"href":"https:\/\/www.messinaoggi.it\/website\/wp-json\/wp\/v2\/types\/post"}],"author":[{"embeddable":true,"href":"https:\/\/www.messinaoggi.it\/website\/wp-json\/wp\/v2\/users\/18"}],"replies":[{"embeddable":true,"href":"https:\/\/www.messinaoggi.it\/website\/wp-json\/wp\/v2\/comments?post=253728"}],"version-history":[{"count":0,"href":"https:\/\/www.messinaoggi.it\/website\/wp-json\/wp\/v2\/posts\/253728\/revisions"}],"wp:featuredmedia":[{"embeddable":true,"href":"https:\/\/www.messinaoggi.it\/website\/wp-json\/wp\/v2\/media\/253729"}],"wp:attachment":[{"href":"https:\/\/www.messinaoggi.it\/website\/wp-json\/wp\/v2\/media?parent=253728"}],"wp:term":[{"taxonomy":"category","embeddable":true,"href":"https:\/\/www.messinaoggi.it\/website\/wp-json\/wp\/v2\/categories?post=253728"},{"taxonomy":"post_tag","embeddable":true,"href":"https:\/\/www.messinaoggi.it\/website\/wp-json\/wp\/v2\/tags?post=253728"}],"curies":[{"name":"wp","href":"https:\/\/api.w.org\/{rel}","templated":true}]}}