{"id":253628,"date":"2025-11-01T19:06:40","date_gmt":"2025-11-01T18:06:40","guid":{"rendered":"https:\/\/www.messinaoggi.it\/website\/2025\/11\/01\/crosetto-nessuno-tocca-la-giustizia-tema-piu-politico-che-reale\/"},"modified":"2025-11-01T19:06:40","modified_gmt":"2025-11-01T18:06:40","slug":"crosetto-nessuno-tocca-la-giustizia-tema-piu-politico-che-reale","status":"publish","type":"post","link":"https:\/\/www.messinaoggi.it\/website\/2025\/11\/01\/crosetto-nessuno-tocca-la-giustizia-tema-piu-politico-che-reale\/","title":{"rendered":"Crosetto \u201cNessuno tocca la giustizia, tema pi\u00f9 politico che reale\u201d"},"content":{"rendered":"<div>ROMA (ITALPRESS) &#8211; &#8220;Il referendum normalmente significa affidare l&#8217;ultima parola al popolo, quindi quando si esprime si prende atto di quello che ha deciso il popolo. Il problema \u00e8 far capire bene di cosa si sta parlando. Io non penso che questa riforma contenga nulla di negativo&#8221;. Cos\u00ec il ministro della Difesa, Guido Crosetto, a margine di un&#8217;iniziativa elettorale a Napoli.<br \/>&#8220;In Paesi democratici, penso alla Spagna, alla Francia, alla Germania, il sistema giudiziario \u00e8 completamente diverso perch\u00e8 ad esempio i pubblici ministeri in questi tre Paesi sono sotto l&#8217;esecutivo. In Italia questo non avviene, rimarranno liberi di esercitare senza alcuna influenza dall&#8217;esecutivo, l&#8217;unica cosa che si fa \u00e8 togliere alle correnti il Csm, ma non mi pare che sia un elemento che pu\u00f2 in qualche modo influenzare il rapporto tra la magistratura e il suo lavoro&#8221;, ha aggiunto. &#8220;Non penso che bloccare, dividere in due la magistratura giudicante da quella inquirente sia un problema, visto che a oggi lo 0,5% dei pm passano dall&#8217;altra parte, quindi stiamo parlando di una cifra irrilevante. E&#8217; un tema pi\u00f9 politico che reale, nessuno tocca la giustizia, anzi secondo me cerca di ricostruire le condizioni perch\u00e8 la giustizia diventi giustizia con la &#8216;g&#8217; maiuscola, cio\u00e8 capace di garantire tutti&#8221;, ha concluso Crosetto.<br \/>(ITALPRESS).<br \/>-Foto: Ipa Agency-<\/div>\n<div id=\"div-gpt-ad-Messinaoggi.it-DSK-300x250-corpoart\" style=\"text-align:center;margin:0 auto;\"><\/div><\/p><div id=\"videoincontent\" style=\"clear:both\";><\/div>","protected":false},"excerpt":{"rendered":"<p>ROMA (ITALPRESS) &#8211; &#8220;Il referendum normalmente significa affidare l&#8217;ultima parola al popolo, quindi quando si esprime si prende atto di quello che ha deciso il popolo. Il problema \u00e8 far capire bene di cosa si sta parlando. Io non penso che questa riforma contenga nulla di negativo&#8221;. Cos\u00ec il ministro della Difesa, Guido Crosetto, a [&hellip;]<\/p>\n","protected":false},"author":18,"featured_media":253629,"comment_status":"closed","ping_status":"closed","sticky":false,"template":"","format":"standard","meta":{"ub_ctt_via":"","_mi_skip_tracking":false},"categories":[446],"tags":[783],"featured_image_src":"https:\/\/www.messinaoggi.it\/website\/wp-content\/uploads\/2025\/11\/20251101_0941.jpg","author_info":{"display_name":"Admin","author_link":"https:\/\/www.messinaoggi.it\/website\/author\/admin\/"},"digistream_id":0,"digistream":false,"_links":{"self":[{"href":"https:\/\/www.messinaoggi.it\/website\/wp-json\/wp\/v2\/posts\/253628"}],"collection":[{"href":"https:\/\/www.messinaoggi.it\/website\/wp-json\/wp\/v2\/posts"}],"about":[{"href":"https:\/\/www.messinaoggi.it\/website\/wp-json\/wp\/v2\/types\/post"}],"author":[{"embeddable":true,"href":"https:\/\/www.messinaoggi.it\/website\/wp-json\/wp\/v2\/users\/18"}],"replies":[{"embeddable":true,"href":"https:\/\/www.messinaoggi.it\/website\/wp-json\/wp\/v2\/comments?post=253628"}],"version-history":[{"count":0,"href":"https:\/\/www.messinaoggi.it\/website\/wp-json\/wp\/v2\/posts\/253628\/revisions"}],"wp:featuredmedia":[{"embeddable":true,"href":"https:\/\/www.messinaoggi.it\/website\/wp-json\/wp\/v2\/media\/253629"}],"wp:attachment":[{"href":"https:\/\/www.messinaoggi.it\/website\/wp-json\/wp\/v2\/media?parent=253628"}],"wp:term":[{"taxonomy":"category","embeddable":true,"href":"https:\/\/www.messinaoggi.it\/website\/wp-json\/wp\/v2\/categories?post=253628"},{"taxonomy":"post_tag","embeddable":true,"href":"https:\/\/www.messinaoggi.it\/website\/wp-json\/wp\/v2\/tags?post=253628"}],"curies":[{"name":"wp","href":"https:\/\/api.w.org\/{rel}","templated":true}]}}