{"id":253624,"date":"2025-11-01T17:06:40","date_gmt":"2025-11-01T16:06:40","guid":{"rendered":"https:\/\/www.messinaoggi.it\/website\/2025\/11\/01\/papa-lumanita-soffre-per-ingiustizie-e-guerre-costruire-la-fraternita\/"},"modified":"2025-11-01T17:06:40","modified_gmt":"2025-11-01T16:06:40","slug":"papa-lumanita-soffre-per-ingiustizie-e-guerre-costruire-la-fraternita","status":"publish","type":"post","link":"https:\/\/www.messinaoggi.it\/website\/2025\/11\/01\/papa-lumanita-soffre-per-ingiustizie-e-guerre-costruire-la-fraternita\/","title":{"rendered":"Papa \u201cL\u2019umanit\u00e0 soffre per ingiustizie e guerre, costruire la fraternit\u00e0\u201d"},"content":{"rendered":"<div>ROMA (ITALPRESS) &#8211; &#8220;Il mistero della comunione dei santi ci ricorda qual \u00e8 il destino finale dell&#8217;umanit\u00e0: una grande festa in cui si gioisce insieme dell&#8217;amore di Dio, presente tutto in tutti, riconoscendo e ammirando la bellezza multiforme dei volti, tutti diversi e tutti somiglianti al volto di Cristo. Mentre pregustiamo questa realt\u00e0 futura, sentiamo ancora pi\u00f9 forte e doloroso il contrasto con i drammi che la famiglia umana sta soffrendo a causa delle ingiustizie e delle guerre. E tanto pi\u00f9 impellente sentiamo il dovere di essere costruttori di fraternit\u00e0&#8221;. Cos\u00ec Papa Leone XIV al termine della recita dell&#8217;Angelus a piazza San Pietro.<br \/>(ITALPRESS).<br \/>-Foto: Ipa Agency-<\/div>\n<div id=\"div-gpt-ad-Messinaoggi.it-DSK-300x250-corpoart\" style=\"text-align:center;margin:0 auto;\"><\/div><\/p><div id=\"videoincontent\" style=\"clear:both\";><\/div>","protected":false},"excerpt":{"rendered":"<p>ROMA (ITALPRESS) &#8211; &#8220;Il mistero della comunione dei santi ci ricorda qual \u00e8 il destino finale dell&#8217;umanit\u00e0: una grande festa in cui si gioisce insieme dell&#8217;amore di Dio, presente tutto in tutti, riconoscendo e ammirando la bellezza multiforme dei volti, tutti diversi e tutti somiglianti al volto di Cristo. Mentre pregustiamo questa realt\u00e0 futura, sentiamo [&hellip;]<\/p>\n","protected":false},"author":18,"featured_media":253625,"comment_status":"closed","ping_status":"closed","sticky":false,"template":"","format":"standard","meta":{"ub_ctt_via":"","_mi_skip_tracking":false},"categories":[446],"tags":[783],"featured_image_src":"https:\/\/www.messinaoggi.it\/website\/wp-content\/uploads\/2025\/11\/20251101_0743.jpg","author_info":{"display_name":"Admin","author_link":"https:\/\/www.messinaoggi.it\/website\/author\/admin\/"},"digistream_id":0,"digistream":false,"_links":{"self":[{"href":"https:\/\/www.messinaoggi.it\/website\/wp-json\/wp\/v2\/posts\/253624"}],"collection":[{"href":"https:\/\/www.messinaoggi.it\/website\/wp-json\/wp\/v2\/posts"}],"about":[{"href":"https:\/\/www.messinaoggi.it\/website\/wp-json\/wp\/v2\/types\/post"}],"author":[{"embeddable":true,"href":"https:\/\/www.messinaoggi.it\/website\/wp-json\/wp\/v2\/users\/18"}],"replies":[{"embeddable":true,"href":"https:\/\/www.messinaoggi.it\/website\/wp-json\/wp\/v2\/comments?post=253624"}],"version-history":[{"count":0,"href":"https:\/\/www.messinaoggi.it\/website\/wp-json\/wp\/v2\/posts\/253624\/revisions"}],"wp:featuredmedia":[{"embeddable":true,"href":"https:\/\/www.messinaoggi.it\/website\/wp-json\/wp\/v2\/media\/253625"}],"wp:attachment":[{"href":"https:\/\/www.messinaoggi.it\/website\/wp-json\/wp\/v2\/media?parent=253624"}],"wp:term":[{"taxonomy":"category","embeddable":true,"href":"https:\/\/www.messinaoggi.it\/website\/wp-json\/wp\/v2\/categories?post=253624"},{"taxonomy":"post_tag","embeddable":true,"href":"https:\/\/www.messinaoggi.it\/website\/wp-json\/wp\/v2\/tags?post=253624"}],"curies":[{"name":"wp","href":"https:\/\/api.w.org\/{rel}","templated":true}]}}