{"id":253618,"date":"2025-11-01T15:06:39","date_gmt":"2025-11-01T14:06:39","guid":{"rendered":"https:\/\/www.messinaoggi.it\/website\/2025\/11\/01\/ribaltone-al-genoa-via-vieira-panchina-ad-interim-a-murgita-criscito\/"},"modified":"2025-11-01T15:06:39","modified_gmt":"2025-11-01T14:06:39","slug":"ribaltone-al-genoa-via-vieira-panchina-ad-interim-a-murgita-criscito","status":"publish","type":"post","link":"https:\/\/www.messinaoggi.it\/website\/2025\/11\/01\/ribaltone-al-genoa-via-vieira-panchina-ad-interim-a-murgita-criscito\/","title":{"rendered":"Ribaltone al Genoa: via Vieira, panchina ad interim a Murgita-Criscito"},"content":{"rendered":"<div>GENOVA (ITALPRESS) &#8211; Clamoroso ribaltone in casa Genoa. A due giorni dalla trasferta del Mapei Stadium contro il Sassuolo, la societ\u00e0 rossobl\u00f9 annuncia in una nota che &#8220;Patrick Vieira non \u00e8 pi\u00f9 l&#8217;allenatore della prima squadra&#8221;. Un colpo di scena inaspettato visto che fino a ieri il tecnico francese aveva diretto l&#8217;allenamento, con la fiducia del club nonostante un brutto avvio di stagione che ha visto il Grifone raccogliere solo tre punti &#8211; frutto di altrettanti pareggi &#8211; nelle prime nove giornate di campionato. Vieira era atteso al &#8220;Signorini&#8221; anche oggi per dirigere la seduta delle 14 ma nella notte sono cambiate le cose. &#8220;La societ\u00e0 desidera ringraziare il tecnico e il suo staff per la seriet\u00e0 e la professionalit\u00e0 dimostrate nel corso del loro lavoro e formula i migliori auguri per il prosieguo della loro carriera professionale&#8221;, il congedo del Genoa, che comunica al contempo che &#8220;la guida tecnica della prima squadra \u00e8 stata affidata ad interim a mister Roberto Murgita coadiuvato da mister Domenico Criscito&#8221;. Quest&#8217;ultimo, ex capitano rossobl\u00f9 e attuale allenatore dell&#8217;Under 17 del Grifone, sar\u00e0 dunque in campo oggi per gestire l&#8217;allenamento, al fianco di Murgita, gi\u00e0 nello staff tecnico della prima squadra. Criscito sar\u00e0 in panchina anche luned\u00ec contro il Sassuolo.<br \/>Vieira era stato ingaggiato dal Genoa quasi un anno fa, chiamato il 20 novembre a sostituire Alberto Gilardino con la squadra quart&#8217;ultima con 10 punti dopo 12 partite. Il tecnico francese, in Italia da calciatore con Milan, Juve e Inter ma alla prima esperienza in panchina in serie A, ha poi portato i rossobl\u00f9 al 13esimo posto finale. Accostato anche all&#8217;Inter per il dopo-Inzaghi, lo scorso 8 giugno aveva addirittura firmato il rinnovo fino al 2027.<br \/>&#8211; foto Ipa Agency &#8211;<br \/>(ITALPRESS).<\/div>\n<div id=\"div-gpt-ad-Messinaoggi.it-DSK-300x250-corpoart\" style=\"text-align:center;margin:0 auto;\"><\/div><\/p><div id=\"videoincontent\" style=\"clear:both\";><\/div>","protected":false},"excerpt":{"rendered":"<p>GENOVA (ITALPRESS) &#8211; Clamoroso ribaltone in casa Genoa. A due giorni dalla trasferta del Mapei Stadium contro il Sassuolo, la societ\u00e0 rossobl\u00f9 annuncia in una nota che &#8220;Patrick Vieira non \u00e8 pi\u00f9 l&#8217;allenatore della prima squadra&#8221;. Un colpo di scena inaspettato visto che fino a ieri il tecnico francese aveva diretto l&#8217;allenamento, con la fiducia [&hellip;]<\/p>\n","protected":false},"author":18,"featured_media":253619,"comment_status":"closed","ping_status":"closed","sticky":false,"template":"","format":"standard","meta":{"ub_ctt_via":"","_mi_skip_tracking":false},"categories":[446],"tags":[783],"featured_image_src":"https:\/\/www.messinaoggi.it\/website\/wp-content\/uploads\/2025\/11\/20251101_0456.jpg","author_info":{"display_name":"Admin","author_link":"https:\/\/www.messinaoggi.it\/website\/author\/admin\/"},"digistream_id":0,"digistream":false,"_links":{"self":[{"href":"https:\/\/www.messinaoggi.it\/website\/wp-json\/wp\/v2\/posts\/253618"}],"collection":[{"href":"https:\/\/www.messinaoggi.it\/website\/wp-json\/wp\/v2\/posts"}],"about":[{"href":"https:\/\/www.messinaoggi.it\/website\/wp-json\/wp\/v2\/types\/post"}],"author":[{"embeddable":true,"href":"https:\/\/www.messinaoggi.it\/website\/wp-json\/wp\/v2\/users\/18"}],"replies":[{"embeddable":true,"href":"https:\/\/www.messinaoggi.it\/website\/wp-json\/wp\/v2\/comments?post=253618"}],"version-history":[{"count":0,"href":"https:\/\/www.messinaoggi.it\/website\/wp-json\/wp\/v2\/posts\/253618\/revisions"}],"wp:featuredmedia":[{"embeddable":true,"href":"https:\/\/www.messinaoggi.it\/website\/wp-json\/wp\/v2\/media\/253619"}],"wp:attachment":[{"href":"https:\/\/www.messinaoggi.it\/website\/wp-json\/wp\/v2\/media?parent=253618"}],"wp:term":[{"taxonomy":"category","embeddable":true,"href":"https:\/\/www.messinaoggi.it\/website\/wp-json\/wp\/v2\/categories?post=253618"},{"taxonomy":"post_tag","embeddable":true,"href":"https:\/\/www.messinaoggi.it\/website\/wp-json\/wp\/v2\/tags?post=253618"}],"curies":[{"name":"wp","href":"https:\/\/api.w.org\/{rel}","templated":true}]}}