{"id":253561,"date":"2025-10-31T16:06:40","date_gmt":"2025-10-31T15:06:40","guid":{"rendered":"https:\/\/www.messinaoggi.it\/website\/2025\/10\/31\/la-juve-riparte-da-spalletti-mire-alte-credo-in-questa-squadra\/"},"modified":"2025-10-31T16:06:40","modified_gmt":"2025-10-31T15:06:40","slug":"la-juve-riparte-da-spalletti-mire-alte-credo-in-questa-squadra","status":"publish","type":"post","link":"https:\/\/www.messinaoggi.it\/website\/2025\/10\/31\/la-juve-riparte-da-spalletti-mire-alte-credo-in-questa-squadra\/","title":{"rendered":"La Juve riparte da Spalletti \u201cMire alte, credo in questa squadra\u201d"},"content":{"rendered":"<div>TORINO (ITALPRESS) &#8211; <strong>Otto mesi per conoscersi e rilanciarsi, con l&#8217;accordo tacito<\/strong> &#8211; ma non scritto &#8211; di andare avanti insieme anche oltre se le cose andranno bene. Inizia ufficialmente l&#8217;era di <strong>Luciano Spalletti alla Juventus<\/strong>, un <em>&#8220;grande esperto del calcio italiano<\/em> &#8211; lo ha accolto il <strong><em>dg bianconero Damien Comolli<\/em><\/strong> &#8211;<em> L&#8217;esonero di Tudor \u00e8 arrivato per mancanza di risultati, dovevamo fermare questo ciclo di risultati negativi e avevamo bisogno di avere un nuovo mister: Spalletti \u00e8 l&#8217;allenatore perfetto, tutte le parti della societ\u00e0 sono d&#8217;accordo, non c&#8217;\u00e8 nemmeno un centimetro di distanza&#8221;.<\/em><div id=\"div-gpt-ad-Messinaoggi.it-DSK-300x250-corpoart\" style=\"text-align:center;margin:0 auto;\"><\/div><\/p>\n<p>Col tecnico di Certaldo \u00e8 stato sottoscritto un contratto fino a giugno anche se &#8220;<em>ci sar\u00e0 un&#8217;opzione per un altro anno,<strong> per la stagione 2026\/27<\/strong>, ma non \u00e8 sulla carta. Vediamo un potenziale accordo a lungo termine, durante la stagione possiamo sederci al tavolo e capire come continuare&#8221;,<\/em> ha spiegato Comolli precisando che i primi contatti risalgono solo a luned\u00ec sebbene il divorzio a giugno dalla Nazionale avesse rimesso Spalletti sul mercato.<div id=\"videoincontent\" style=\"clear:both\";><\/div><\/p>\n<p><strong><em>&#8220;Non ho avuto nessuna difficolt\u00e0 nell&#8217;accettare otto mesi di contratto, perch\u00e8 credo in questa Juventus<\/em><\/strong> &#8211; ha messo in chiaro dal canto suo il neo tecnico bianconero &#8211; <em>Saranno le cose fatte in campo a determinare il mio futuro, non sono uno che ha bisogno di essere rassicurato ed \u00e8 corretto che si valuti di volta in volta, la trovo una situazione semplice, onesta e chiara. Si cerca di collaborare e poi in fondo si tirano le somme. Se fossi stato la Juve, avrei fatto lo stesso&#8221;<\/em>.<\/p>\n<p>E allora ecco l&#8217;ex ct azzurro pronto a rimboccarsi le maniche.<em> &#8220;Prime sensazioni? Bellissime, conosciamo tutti la storia di questo club, la sua organizzazione, sappiamo che c&#8217;\u00e8 un&#8217;aspettativa alta, ma entrarci dentro \u00e8 una bellissima emozione&#8221;.<\/em> Pi\u00f9 che la voglia di riscatto, in Spalletti <em>&#8220;prevale di pi\u00f9 la voglia di riportare questo club ad alti livelli. Ho assoluto rispetto per quello che ha fatto Tudor e sono sicuro di trovare una squadra in buona condizione mentale. Se non avessi creduto che questa squadra abbia delle potenzialit\u00e0 perch\u00e8 avrei dovuto accettare un contratto di otto mesi? Penso di poter fare un bel lavoro. Le mire sono alte, dobbiamo fare un buon lavoro e rimettere le cose in pari perch\u00e8 gli altri corrono forte&#8221;<\/em>.<\/p>\n<p><strong>L&#8217;obiettivo della Juve \u00e8 qualificarsi per la prossima Champions ma Spalletti non si accontenta<\/strong>: &#8220;<em>Spero di rientrare nel giro scudetto, perch\u00e8 no? Le intenzioni devono essere al massimo, come in questo caso. Mancano 29 partite, ne ho viste di tutti i colori nei miei 30 anni di professione. Sono quasi in fondo, perch\u00e8 sono anziano, tenter\u00f2 di mettere mano, poi l\u00ec vedremo cosa saremo riusciti a fare. Ho assoluto rispetto del valore di questi calciatori. Non so quanto incider\u00f2 ma so quello che sar\u00e0 il mio comportamento, attraverso il quale i calciatori potranno entrare in una mentalit\u00e0 che possa dare loro qualcosa. La differenza la fanno sempre i calciatori ma \u00e8 avere una complicit\u00e0, fidarsi delle nostre capacit\u00e0 che ci porter\u00e0 dei risultati, non so se piccoli o grandi ma \u00e8 il percorso che abbiamo davanti che ci pu\u00f2 far cambiare le cose. Sento dire che ci sono giocatori non da Juve ma se tutti diamo il nostro massimo ci pu\u00f2 essere una crescita per essere da Juve e lavoreremo su questo&#8221;.<\/em><\/p>\n<p>Messo in chiaro che su <strong>Vlahovic<\/strong> &#8220;<em>non ho ricevuto nessuna imposizione&#8221;<\/em> da parte del club, anzi, &#8220;<strong><em>a valutare dall&#8217;ultima partita le sue intenzioni sono molto chiare&#8221;,<\/em> <\/strong>Spalletti non poteva non tornare sulle polemiche fronte <strong>Napoli<\/strong> relative al suo s\u00ec ai bianconeri. <em>&#8220;A Napoli \u00e8 venuto fuori un qualcosa di una bellezza superiore per quello che abbiamo fatto, \u00e8 stato uno Scudetto bellissimo, ho instaurato un rapporto particolare, rimarr\u00e0 tutto intatto da parte mia. Stamattina dovevo fare le analisi e mi sono fatto tirare il sangue dall&#8217;altro braccio, perch\u00e8 sul sinistro non voglio toccare nulla<\/em> &#8211; il riferimento al <strong>tatuaggio con lo stemma del Napoli e il terzo Scudetto<\/strong> &#8211; <em>Non voglio che venga per\u00f2 estrapolato quello che io ho detto su Napoli e della fine del rapporto, quando dissi che non mi sarei mai messo la tuta di un&#8217;altra squadra, mi riferivo alla stagione successiva. E&#8217; chiaro che non debba smettere di fare l&#8217;allenatore dopo un anno a Napoli&#8221;<\/em>.<\/p>\n<p>Infine, per quanto riguarda lo staff, Spalletti sar\u00e0 accompagnato dal vice allenatore Marco Domenichini e dai collaboratori Giovanni Martusciello, Salvatore Russo e Francesco Sinatti mentre non ci sar\u00e0 <strong>Daniele Baldini<\/strong>: &#8220;<em>Sono rimasto un po&#8217; sorpreso della sua scelta. Lo ringrazio, ha deciso lui di terminare questa avventura di collaboratore&#8221;.<br \/>\n<\/em><br \/>\n&#8211; foto Image &#8211;<br \/>\n(ITALPRESS).<\/div>\n","protected":false},"excerpt":{"rendered":"<p>TORINO (ITALPRESS) &#8211; Otto mesi per conoscersi e rilanciarsi, con l&#8217;accordo tacito &#8211; ma non scritto &#8211; di andare avanti insieme anche oltre se le cose andranno bene. Inizia ufficialmente l&#8217;era di Luciano Spalletti alla Juventus, un &#8220;grande esperto del calcio italiano &#8211; lo ha accolto il dg bianconero Damien Comolli &#8211; L&#8217;esonero di Tudor [&hellip;]<\/p>\n","protected":false},"author":18,"featured_media":253562,"comment_status":"closed","ping_status":"closed","sticky":false,"template":"","format":"standard","meta":{"ub_ctt_via":"","_mi_skip_tracking":false},"categories":[446],"tags":[783],"featured_image_src":"https:\/\/www.messinaoggi.it\/website\/wp-content\/uploads\/2025\/10\/20251031_0833.jpg","author_info":{"display_name":"Admin","author_link":"https:\/\/www.messinaoggi.it\/website\/author\/admin\/"},"digistream_id":0,"digistream":false,"_links":{"self":[{"href":"https:\/\/www.messinaoggi.it\/website\/wp-json\/wp\/v2\/posts\/253561"}],"collection":[{"href":"https:\/\/www.messinaoggi.it\/website\/wp-json\/wp\/v2\/posts"}],"about":[{"href":"https:\/\/www.messinaoggi.it\/website\/wp-json\/wp\/v2\/types\/post"}],"author":[{"embeddable":true,"href":"https:\/\/www.messinaoggi.it\/website\/wp-json\/wp\/v2\/users\/18"}],"replies":[{"embeddable":true,"href":"https:\/\/www.messinaoggi.it\/website\/wp-json\/wp\/v2\/comments?post=253561"}],"version-history":[{"count":0,"href":"https:\/\/www.messinaoggi.it\/website\/wp-json\/wp\/v2\/posts\/253561\/revisions"}],"wp:featuredmedia":[{"embeddable":true,"href":"https:\/\/www.messinaoggi.it\/website\/wp-json\/wp\/v2\/media\/253562"}],"wp:attachment":[{"href":"https:\/\/www.messinaoggi.it\/website\/wp-json\/wp\/v2\/media?parent=253561"}],"wp:term":[{"taxonomy":"category","embeddable":true,"href":"https:\/\/www.messinaoggi.it\/website\/wp-json\/wp\/v2\/categories?post=253561"},{"taxonomy":"post_tag","embeddable":true,"href":"https:\/\/www.messinaoggi.it\/website\/wp-json\/wp\/v2\/tags?post=253561"}],"curies":[{"name":"wp","href":"https:\/\/api.w.org\/{rel}","templated":true}]}}