{"id":253552,"date":"2025-10-31T12:06:42","date_gmt":"2025-10-31T11:06:42","guid":{"rendered":"https:\/\/www.messinaoggi.it\/website\/2025\/10\/31\/bella-confcommercio-sostenere-le-imprese-giovanili-per-spingere-la-crescita\/"},"modified":"2025-10-31T12:06:42","modified_gmt":"2025-10-31T11:06:42","slug":"bella-confcommercio-sostenere-le-imprese-giovanili-per-spingere-la-crescita","status":"publish","type":"post","link":"https:\/\/www.messinaoggi.it\/website\/2025\/10\/31\/bella-confcommercio-sostenere-le-imprese-giovanili-per-spingere-la-crescita\/","title":{"rendered":"Bella (Confcommercio) \u201cSostenere le imprese giovanili per spingere la crescita\u201d"},"content":{"rendered":"<div>ROMA (ITALPRESS) &#8211; Dal 2011 al 2024 l&#8217;Italia ha perso 193.000 imprese giovanili, guidate da under 35. E&#8217; quanto emerge da una ricerca dell&#8217;Ufficio Studi di Confcommercio. &#8220;Se non c&#8217;\u00e8 nuova imprenditoria, la crescita ristagna&#8221;, afferma il direttore Mariano Bella, intervistato da Claudio Brachino per il magazine televisivo Italpress Economy.<br \/>&#8220;Qualcuno potrebbe obiettare che il dato dipende dalla demografia, ma \u00e8 vero solo in parte. In realt\u00e0, al netto dei fenomeni demografici e della riduzione del tasso di imprenditoria in generale, noi stiamo costringendo i giovani, quei pochi che sono rimasti in Italia, ad andare a fare impresa all&#8217;estero. Per migliorare la situazione intanto bisogna smetterla di pensare soltanto alle fasce adulte della popolazione &#8211; sottolinea Bella -. Mi sembra paradossale che noi oggi stiamo discutendo di non legare la crescita dell&#8217;et\u00e0 pensionabile all&#8217;aspettativa di vita, questo implica un trasferimento di risorse dai giovani agli anziani. L&#8217;altra cosa che bisogna fare \u00e8 ridurre la burocrazia. Una riduzione del carico burocratico sulle imprese ha effetti benefici sull&#8217;intero sistema economico, ma in particolare sulle piccole imprese e sulle startup&#8221;.<br \/>Fondamentale \u00e8 anche il ruolo del credito. &#8220;Le imprese giovanili, le startup ovviamente sono pi\u00f9 rischiose, per\u00f2 sono quelle pi\u00f9 produttive &#8211; sottolinea il presidente dell&#8217;Ufficio Studi di Confcommercio -. Sono un veicolo di innovazione e di tecnologia. Se facciamo cadere tutto il costo del rischio sull&#8217;imprenditore, avremo meno imprese produttive. Bisogna utilizzare dei fondi specifici per le startup, per ripartire il rischio in maniera tale che il costo per del finanziamento per l&#8217;imprenditore giovane non sia esorbitante&#8221;.<br \/>Il giudizio di Bella sulla legge di bilancio 2026 all&#8217;esame del Parlamento \u00e8 complessivamente positivo: &#8220;Mi piace perch\u00e8 \u00e8 una manovra equilibrata e &#8220;leggera&#8221;, in tutto 18 miliardi di movimentazione. In totale lo sbilancio tra maggiori spese e minori entrate \u00e8 lo 0,04% del PIL. Quindi conti pubblici in ordine, si fa un p\u00f2 di alleggerimento in termini di costo del lavoro, si d\u00e0 qualcosa a oltre 10 milioni di persone che guadagnano tra 28.000 e 200.000 euro. Questo potrebbe anche innescare un p\u00f2 di fiducia. La cosa brutta che vediamo \u00e8 che nelle coperture ci sono 6 miliardi che non sono ben specificati&#8221;.<br \/>Per il presidente dell&#8217;Ufficio Studi di Confcommercio \u00e8 &#8220;necessario un impulso alla fiducia di famiglie e imprese, in maniera da ripristinare l&#8217;agibilit\u00e0 del circuito che trasforma maggiori redditi, maggiore ricchezza, in consumi. Oggi al PIL mancano i consumi. Se il reddito e la ricchezza non si trasformano in consumi rimaniamo con una domanda stagnante e con un Pil fermo&#8221;.<br \/>Per il rilancio della fiducia pu\u00f2 essere utile far crescere quello che Mariano Bella definisce Sense of Italy, un concetto che &#8220;tenta di valorizzare il metabrand Italia, superando la contrapposizione tra manifattura e servizi. Cerchiamo di risolvere i problemi valorizzando le reciproche e preziose interazioni tra due grandi settori&#8221;, ricordando che &#8220;il terziario di mercato negli ultimi 30 anni ha fatto 3,7 milioni di occupati in pi\u00f9&#8221;.<div id=\"div-gpt-ad-Messinaoggi.it-DSK-300x250-corpoart\" style=\"text-align:center;margin:0 auto;\"><\/div><\/p>\n<p>&#8211; Foto Italpress &#8211;<div id=\"videoincontent\" style=\"clear:both\";><\/div><\/p>\n<p>(ITALPRESS).<\/p><\/div>\n","protected":false},"excerpt":{"rendered":"<p>ROMA (ITALPRESS) &#8211; Dal 2011 al 2024 l&#8217;Italia ha perso 193.000 imprese giovanili, guidate da under 35. E&#8217; quanto emerge da una ricerca dell&#8217;Ufficio Studi di Confcommercio. &#8220;Se non c&#8217;\u00e8 nuova imprenditoria, la crescita ristagna&#8221;, afferma il direttore Mariano Bella, intervistato da Claudio Brachino per il magazine televisivo Italpress Economy.&#8220;Qualcuno potrebbe obiettare che il dato [&hellip;]<\/p>\n","protected":false},"author":18,"featured_media":253553,"comment_status":"closed","ping_status":"closed","sticky":false,"template":"","format":"standard","meta":{"ub_ctt_via":"","_mi_skip_tracking":false},"categories":[446],"tags":[783],"featured_image_src":"https:\/\/www.messinaoggi.it\/website\/wp-content\/uploads\/2025\/10\/20251031_0170.jpg","author_info":{"display_name":"Admin","author_link":"https:\/\/www.messinaoggi.it\/website\/author\/admin\/"},"digistream_id":0,"digistream":false,"_links":{"self":[{"href":"https:\/\/www.messinaoggi.it\/website\/wp-json\/wp\/v2\/posts\/253552"}],"collection":[{"href":"https:\/\/www.messinaoggi.it\/website\/wp-json\/wp\/v2\/posts"}],"about":[{"href":"https:\/\/www.messinaoggi.it\/website\/wp-json\/wp\/v2\/types\/post"}],"author":[{"embeddable":true,"href":"https:\/\/www.messinaoggi.it\/website\/wp-json\/wp\/v2\/users\/18"}],"replies":[{"embeddable":true,"href":"https:\/\/www.messinaoggi.it\/website\/wp-json\/wp\/v2\/comments?post=253552"}],"version-history":[{"count":0,"href":"https:\/\/www.messinaoggi.it\/website\/wp-json\/wp\/v2\/posts\/253552\/revisions"}],"wp:featuredmedia":[{"embeddable":true,"href":"https:\/\/www.messinaoggi.it\/website\/wp-json\/wp\/v2\/media\/253553"}],"wp:attachment":[{"href":"https:\/\/www.messinaoggi.it\/website\/wp-json\/wp\/v2\/media?parent=253552"}],"wp:term":[{"taxonomy":"category","embeddable":true,"href":"https:\/\/www.messinaoggi.it\/website\/wp-json\/wp\/v2\/categories?post=253552"},{"taxonomy":"post_tag","embeddable":true,"href":"https:\/\/www.messinaoggi.it\/website\/wp-json\/wp\/v2\/tags?post=253552"}],"curies":[{"name":"wp","href":"https:\/\/api.w.org\/{rel}","templated":true}]}}