{"id":253508,"date":"2025-10-30T20:06:58","date_gmt":"2025-10-30T19:06:58","guid":{"rendered":"https:\/\/www.messinaoggi.it\/website\/2025\/10\/30\/il-museo-del-genio-riapre-a-roma-con-due-mostre-su-vivian-maier-e-ugo-nespolo\/"},"modified":"2025-10-30T20:06:58","modified_gmt":"2025-10-30T19:06:58","slug":"il-museo-del-genio-riapre-a-roma-con-due-mostre-su-vivian-maier-e-ugo-nespolo","status":"publish","type":"post","link":"https:\/\/www.messinaoggi.it\/website\/2025\/10\/30\/il-museo-del-genio-riapre-a-roma-con-due-mostre-su-vivian-maier-e-ugo-nespolo\/","title":{"rendered":"Il Museo del Genio riapre a Roma con due mostre su Vivian Maier e Ugo Nespolo"},"content":{"rendered":"<div>ROMA (ITALPRESS) &#8211; A partire dal 31 ottobre, Roma ritrova uno dei suoi luoghi pi\u00f9 preziosi: il Museo del Genio dell&#8217;Esercito Italiano. Per la prima volta, questo complesso apre stabilmente le sue porte al grande pubblico, trasformandosi in un nuovo luogo della cultura per la Capitale.<br \/>Si tratta di un&#8217;iniziativa culturale di Difesa Servizi che dal 2016, su mandato del Ministero della Difesa e delle Forze Armate, valorizza i musei militari. Il progetto \u00e8 prodotto e organizzato da Arthemisia, ha come sponsor Generali Valore Cultura ed \u00e8 in partnership con la Fondazione Terzo Pilastro &#8211; Internazionale.<br \/>Il nome Museo del Genio \u00e8 stato scelto per rendere immediatamente accessibile l&#8217;identit\u00e0 di un luogo che \u00e8 molto pi\u00f9 di un museo.<br \/>La sua denominazione completa, Istituto Storico e di Cultura dell&#8217;Arma del Genio (ISCAG) dell&#8217;Esercito Italiano, ne rivela la natura unica in Italia: un centro in cui convivono museo, biblioteca specialistica, archivio storico e fotografico, luogo di studio, ricerca e memoria.<br \/>Oggi, questo patrimonio si svela finalmente alla citt\u00e0.<br \/>Roma guadagna un nuovo spazio culturale, aperto a tutti: famiglie, studenti, studiosi, scuole, visitatori italiani e internazionali.<br \/>Il progetto ha come main partner la Fondazione Terzo Pilastro &#8211; Internazionale e Poema. &#8220;Per noi \u00e8 una giornata davvero speciale &#8211; ha commentato Alessandra Taccone, Presidente della Fondazione Terzo Pilastro &#8211; La Fondazione \u00e8 stata sollecitata come partner ideale per una iniziativa che a mio avviso \u00e8 eccezionale e manda un messaggio molto forte: l&#8217;esaltazione del contrasto tra la storia, maestra di vita, e l&#8217;ispirazione che dal passato possono trarre le nuove generazioni. Oggi gettiamo delle basi solide, con la consapevolezza dell&#8217;importanza che ha la storia, riappropriandoci delle nostre radici per costruire un futuro migliore. La Fondazione ha da sempre nel suo dna questa filosofia&#8221;. &#8220;Celebriamo la rinascita &#8211; ha aggiunto &#8211; di uno dei luoghi per la Capitale pi\u00f9 emblematici e significativi. Il Museo del Genio \u00e8 un luogo unico nel suo genere, che testimonia come l&#8217;intelligenza umana abbia concorso negli anni a determinare il progresso della Nazione nei campi dell&#8217;ingegneria, delle comunicazioni e del volo. Al suo interno sono custoditi pezzi unici con i quali abbiamo voluto creare un dialogo attraverso ben due mostre di arte contemporanea: una dedicata alla fotografia, di Vivian Maier, e l&#8217;altra alla pop-art, di Ugo Nespolo, facendo cos\u00ec un confronto tra la genialit\u00e0 del passato e quella del presente&#8221;.<br \/>Il percorso museale che si apre al pubblico invita il visitatore a intraprendere un viaggio affascinante, dove ingegno, tecnica e bellezza si intrecciano nel racconto della storia del Genio. Tra modelli, strumenti e invenzioni, si scopre come l&#8217;intelligenza umana abbia saputo trasformare le sfide della costruzione, della comunicazione e del volo in occasioni di progresso. Oggetti di eccezionale valore testimoniano questo spirito visionario: l&#8217;attrezzatura radiotelegrafica originale di Guglielmo Marconi che, con la sua invenzione &#8211; la radio -, cambi\u00f2 per sempre la storia della comunicazione mondiale; una piccola teca custodisce inoltre uno dei primissimi telefoni, invenzione dovuta ad Antonio Meucci, affiancato dalle sue prime evoluzioni: dai telefoni da campo alle centraline militari. Queste sale custodiscono una porzione preziosa del patrimonio museale: ambienti in cui ogni oggetto, dal pi\u00f9 semplice al pi\u00f9 imponente, testimonia la capacit\u00e0 tutta italiana di unire funzionalit\u00e0 e creativit\u00e0, rigore scientifico e intuizione estetica.<br \/>Ad inaugurare questo nuovo capitolo vi sono due esposizioni di grande richiamo: Vivian Maier. The Exhibition, dedicata alla pi\u00f9 amata fotografa americana &#8211; scoperta solo dopo la sua morte e oggi celebrata nei pi\u00f9 importanti musei del mondo &#8211; di cui si festeggia il centenario della nascita, e &#8220;Pop Air&#8221;, un progetto nuovo e presentato per la prima volta al mondo, con cui l&#8217;artista Ugo Nespolo interpreta in chiave ironica &#8211; con enormi sculture gonfiabili &#8211; i grandi capolavori internazionali.<br \/>A celebrare il Maestro Ugo Nespolo, anche il mecenate e filantropo Emmanuele Emanuele, che ha raccontato: &#8220;A Milano negli anni &#8217;60, un&#8217;epoca felice che abbiamo condiviso, Nespolo ha intessuto rapporti &#8211; grazie al sodalizio con la Galleria di Arturo Schwarz &#8211; con i maggiori esponenti internazionali del Dadaismo e del Nouveau R\u00e8alisme, come ad esempio Duchamp e Arman. Soprattutto, realizz\u00f2 il compito di essere, nonostante la giovane et\u00e0 di allora, il protagonista di un&#8217;inesauribile attivit\u00e0 di interlocuzione culturale con gli esponenti delle diverse tendenze artistiche nella Milano dell&#8217;epoca: compito che ha, appunto, assolto in maniera mirabile per decenni, e in virt\u00f9 del quale continua ad essere, di fatto, testimone vivo e attivo di quell&#8217;epoca indimenticabile&#8221;.<br \/>-foto ufficio stampa Fondazione Terzo Pilastro &#8211;<br \/>(ITALPRESS).<\/div>\n<div id=\"div-gpt-ad-Messinaoggi.it-DSK-300x250-corpoart\" style=\"text-align:center;margin:0 auto;\"><\/div><\/p><div id=\"videoincontent\" style=\"clear:both\";><\/div>","protected":false},"excerpt":{"rendered":"<p>ROMA (ITALPRESS) &#8211; A partire dal 31 ottobre, Roma ritrova uno dei suoi luoghi pi\u00f9 preziosi: il Museo del Genio dell&#8217;Esercito Italiano. Per la prima volta, questo complesso apre stabilmente le sue porte al grande pubblico, trasformandosi in un nuovo luogo della cultura per la Capitale.Si tratta di un&#8217;iniziativa culturale di Difesa Servizi che dal [&hellip;]<\/p>\n","protected":false},"author":18,"featured_media":253509,"comment_status":"closed","ping_status":"closed","sticky":false,"template":"","format":"standard","meta":{"ub_ctt_via":"","_mi_skip_tracking":false},"categories":[446],"tags":[783],"featured_image_src":"https:\/\/www.messinaoggi.it\/website\/wp-content\/uploads\/2025\/10\/20251030_2321.jpg","author_info":{"display_name":"Admin","author_link":"https:\/\/www.messinaoggi.it\/website\/author\/admin\/"},"digistream_id":0,"digistream":false,"_links":{"self":[{"href":"https:\/\/www.messinaoggi.it\/website\/wp-json\/wp\/v2\/posts\/253508"}],"collection":[{"href":"https:\/\/www.messinaoggi.it\/website\/wp-json\/wp\/v2\/posts"}],"about":[{"href":"https:\/\/www.messinaoggi.it\/website\/wp-json\/wp\/v2\/types\/post"}],"author":[{"embeddable":true,"href":"https:\/\/www.messinaoggi.it\/website\/wp-json\/wp\/v2\/users\/18"}],"replies":[{"embeddable":true,"href":"https:\/\/www.messinaoggi.it\/website\/wp-json\/wp\/v2\/comments?post=253508"}],"version-history":[{"count":0,"href":"https:\/\/www.messinaoggi.it\/website\/wp-json\/wp\/v2\/posts\/253508\/revisions"}],"wp:featuredmedia":[{"embeddable":true,"href":"https:\/\/www.messinaoggi.it\/website\/wp-json\/wp\/v2\/media\/253509"}],"wp:attachment":[{"href":"https:\/\/www.messinaoggi.it\/website\/wp-json\/wp\/v2\/media?parent=253508"}],"wp:term":[{"taxonomy":"category","embeddable":true,"href":"https:\/\/www.messinaoggi.it\/website\/wp-json\/wp\/v2\/categories?post=253508"},{"taxonomy":"post_tag","embeddable":true,"href":"https:\/\/www.messinaoggi.it\/website\/wp-json\/wp\/v2\/tags?post=253508"}],"curies":[{"name":"wp","href":"https:\/\/api.w.org\/{rel}","templated":true}]}}